{"id":2013,"date":"2021-01-28T11:14:33","date_gmt":"2021-01-28T10:14:33","guid":{"rendered":"http:\/\/agora.xtec.cat\/ceipgranullarius\/?p=2013"},"modified":"2021-01-28T11:14:33","modified_gmt":"2021-01-28T10:14:33","slug":"festa-de-comiat-den-kuais-p4","status":"publish","type":"post","link":"https:\/\/agora.xtec.cat\/ceipgranullarius\/educacio-infantil\/festa-de-comiat-den-kuais-p4\/","title":{"rendered":"FESTA DE COMIAT D\u2019EN KUAIS P4"},"content":{"rendered":"<p style=\"text-align: center;\"><a href=\"https:\/\/agora.xtec.cat\/ceipgranullarius\/wp-content\/uploads\/usu769\/2021\/01\/PORTADA-1.jpg\"><img loading=\"lazy\" decoding=\"async\" class=\"aligncenter size-medium wp-image-2014\" src=\"https:\/\/agora.xtec.cat\/ceipgranullarius\/wp-content\/uploads\/usu769\/2021\/01\/PORTADA-1-300x225.jpg\" alt=\"\" width=\"300\" height=\"225\" srcset=\"https:\/\/agora.xtec.cat\/ceipgranullarius\/wp-content\/uploads\/usu769\/2021\/01\/PORTADA-1-300x225.jpg 300w, https:\/\/agora.xtec.cat\/ceipgranullarius\/wp-content\/uploads\/usu769\/2021\/01\/PORTADA-1-200x150.jpg 200w, https:\/\/agora.xtec.cat\/ceipgranullarius\/wp-content\/uploads\/usu769\/2021\/01\/PORTADA-1.jpg 600w\" sizes=\"auto, (max-width: 300px) 100vw, 300px\" \/><\/a><\/p>\n<p><span style=\"font-weight: 400;\">ELS NENS I NENES DE P4, HEM FET UNA FESTA DE COMIAT A EN KUAIS, QUE MARXA A L\u2019ESPAI, PER PODER ANAR A UN ALTRA ESCOLA PER ENSENYAR L\u2019ESQUEMA CORPORAL A ALTRES NENS I NENES, NOSALTRES JA ENS EL SABEM MOLT B\u00c9 I ES HORA DE DEIXAR-LO MARXAR, PER\u00d2 NO SENSE ABANS FER-LI UNA BONA FESTA.<\/span><\/p>\n<p><span style=\"font-weight: 400;\">VAM ANAR AL PAT\u00cd DE L\u2019ESCOLA, I AMB CONFETI I AMB BONA M\u00daSICA LI VAM DIR AD\u00c9U, VAM ESTAR BALLANT AL SEU COSTAT, I LI VAM DONAR LES GR\u00c0CIES PER ENSENYAR-NOS TANTES COSES.\u00a0<\/span><\/p>\n<p><span style=\"font-weight: 400;\">KUAIS, ELS NENS I NENES DE P4, ET TROBAREM MOLT A FALTAR, ESPERO QUE SIGUIS MOLT FELI\u00c7 ALL\u00c0 ON VAGIS.<\/span><\/p>\n<p><a href=\"https:\/\/photos.app.goo.gl\/ro9nbFGQ2nDw38Ur7\">\u00c0lbum de fotos.<\/a><\/p>\n","protected":false},"excerpt":{"rendered":"<p><a href=\"https:\/\/agora.xtec.cat\/ceipgranullarius\/wp-content\/uploads\/usu769\/2021\/01\/PORTADA-1.jpg\"><\/a><br \/>\nELS NENS I NENES DE P4, HEM FET UNA FESTA DE COMIAT A EN KUAIS, QUE MARXA A L\u2019ESPAI, PER PODER ANAR A UN ALTRA ESCOLA PER ENSENYAR L\u2019ESQUEMA CORPORAL A ALTRES NENS I NENES, NOSALTRES JA ENS EL SABEM MOLT B\u00c9 I ES&hellip;  <a href=\"https:\/\/agora.xtec.cat\/ceipgranullarius\/educacio-infantil\/festa-de-comiat-den-kuais-p4\/\" title=\"Read FESTA DE COMIAT D\u2019EN KUAIS P4\">Llegeix m\u00e9s\u00bb<\/a><\/p>\n","protected":false},"author":1,"featured_media":1151,"comment_status":"closed","ping_status":"closed","sticky":false,"template":"","format":"standard","meta":{"_bbp_topic_count":0,"_bbp_reply_count":0,"_bbp_total_topic_count":0,"_bbp_total_reply_count":0,"_bbp_voice_count":0,"_bbp_anonymous_reply_count":0,"_bbp_topic_count_hidden":0,"_bbp_reply_count_hidden":0,"_bbp_forum_subforum_count":0,"footnotes":""},"categories":[2,8,4],"tags":[],"class_list":["post-2013","post","type-post","status-publish","format-standard","has-post-thumbnail","hentry","category-educacio-infantil","category-i4","category-portada"],"post_mailing_queue_ids":[],"_links":{"self":[{"href":"https:\/\/agora.xtec.cat\/ceipgranullarius\/wp-json\/wp\/v2\/posts\/2013","targetHints":{"allow":["GET"]}}],"collection":[{"href":"https:\/\/agora.xtec.cat\/ceipgranullarius\/wp-json\/wp\/v2\/posts"}],"about":[{"href":"https:\/\/agora.xtec.cat\/ceipgranullarius\/wp-json\/wp\/v2\/types\/post"}],"author":[{"embeddable":true,"href":"https:\/\/agora.xtec.cat\/ceipgranullarius\/wp-json\/wp\/v2\/users\/1"}],"replies":[{"embeddable":true,"href":"https:\/\/agora.xtec.cat\/ceipgranullarius\/wp-json\/wp\/v2\/comments?post=2013"}],"version-history":[{"count":1,"href":"https:\/\/agora.xtec.cat\/ceipgranullarius\/wp-json\/wp\/v2\/posts\/2013\/revisions"}],"predecessor-version":[{"id":2015,"href":"https:\/\/agora.xtec.cat\/ceipgranullarius\/wp-json\/wp\/v2\/posts\/2013\/revisions\/2015"}],"wp:featuredmedia":[{"embeddable":true,"href":"https:\/\/agora.xtec.cat\/ceipgranullarius\/wp-json\/wp\/v2\/media\/1151"}],"wp:attachment":[{"href":"https:\/\/agora.xtec.cat\/ceipgranullarius\/wp-json\/wp\/v2\/media?parent=2013"}],"wp:term":[{"taxonomy":"category","embeddable":true,"href":"https:\/\/agora.xtec.cat\/ceipgranullarius\/wp-json\/wp\/v2\/categories?post=2013"},{"taxonomy":"post_tag","embeddable":true,"href":"https:\/\/agora.xtec.cat\/ceipgranullarius\/wp-json\/wp\/v2\/tags?post=2013"}],"curies":[{"name":"wp","href":"https:\/\/api.w.org\/{rel}","templated":true}]}}