{"id":2010,"date":"2021-01-28T11:08:57","date_gmt":"2021-01-28T10:08:57","guid":{"rendered":"http:\/\/agora.xtec.cat\/ceipgranullarius\/?p=2010"},"modified":"2021-01-28T11:11:14","modified_gmt":"2021-01-28T10:11:14","slug":"treball-de-tardor-p4-a","status":"publish","type":"post","link":"https:\/\/agora.xtec.cat\/ceipgranullarius\/educacio-infantil\/treball-de-tardor-p4-a\/","title":{"rendered":"Treball de tardor P4 A"},"content":{"rendered":"<p style=\"text-align: center;\"><a href=\"https:\/\/agora.xtec.cat\/ceipgranullarius\/wp-content\/uploads\/usu769\/2021\/01\/1PORTADA.jpg\"><img loading=\"lazy\" decoding=\"async\" class=\"aligncenter size-medium wp-image-2011\" src=\"https:\/\/agora.xtec.cat\/ceipgranullarius\/wp-content\/uploads\/usu769\/2021\/01\/1PORTADA-225x300.jpg\" alt=\"\" width=\"225\" height=\"300\" srcset=\"https:\/\/agora.xtec.cat\/ceipgranullarius\/wp-content\/uploads\/usu769\/2021\/01\/1PORTADA-225x300.jpg 225w, https:\/\/agora.xtec.cat\/ceipgranullarius\/wp-content\/uploads\/usu769\/2021\/01\/1PORTADA.jpg 450w\" sizes=\"auto, (max-width: 225px) 100vw, 225px\" \/><\/a><\/p>\n<p><span style=\"font-weight: 400;\">LA TARDOR<\/span><span style=\"font-weight: 400;\">\u00a0<\/span><\/p>\n<p><span style=\"font-weight: 400;\">COMEN\u00c7A A FER M\u00c9S FRED, ALS ARBRES LI CAUEN LES FULLES, LES MUNTANYES ES VESTEIXEN DE COLORS GROCS I TARONGES, AIX\u00d2 VOL DIR QUE HA ARRIBAT LA TARDOR!!!!<\/span><\/p>\n<p><span style=\"font-weight: 400;\">ELS NENS I NENES DE P4, HEM DECORAT ELS PASSADISSOS I ESTEM FENT MOLTES COSES PER CELEBRAR-HO.<\/span><\/p>\n<p><span style=\"font-weight: 400;\">PRIMER DE TOT, HEM CREAT EL NOSTRE RAC\u00d3 DE LA TARDOR, HEM COL\u00b7LOCAT SAFATES ON ANEM CLASSIFICANT TOT ALL\u00d2 QUE PORTEM: FULLES, CASTANYES, AGLANS, PINYES, MAGRANES, MONIATOS, PEDRES,\u00a0 ENS HA QUEDAT GENIAL!!<\/span><\/p>\n<p><span style=\"font-weight: 400;\">A PL\u00c0STICA, HEM FET UN COLLAGE AMB PINTURA DELS COLORS DE LA TARDOR (GROC, VERMELL, TARONJA I MARR\u00d3.) HEM ESTAMPAT AMB ESPONGES EL NOSTRE ESPECIAL ARBRE DE LA TARDOR I HAN SORTIT VERDADERES OBRES D\u2019ART.<\/span><\/p>\n<p><span style=\"font-weight: 400;\">MALAURADAMENT ELS NENS I NENES DE P4A, VAM VIURE LA CASTANYADA CONFINATS A CASA, PER\u00d2 VAM CREAR LES NOSTRES MASCARETES PERSONALITZADES DE LA CASTANYERA, VAM FER PANELLETS AMB LA FAM\u00cdLIA, I ENS HO VAM PASSAR D\u2019ALL\u00d2 M\u00c9S B\u00c9. AQU\u00cd TENIU UN PETIT RECULL DE FOTOGRAFIES DE TOTS AQUESTS MOMENTS.\u00a0<\/span><\/p>\n<p><a href=\"https:\/\/photos.app.goo.gl\/QUdxpBotuv4Kjgyv7\">\u00c0lbum de fotos.<\/a><\/p>\n","protected":false},"excerpt":{"rendered":"<p><a href=\"https:\/\/agora.xtec.cat\/ceipgranullarius\/wp-content\/uploads\/usu769\/2021\/01\/1PORTADA.jpg\"><\/a><br \/>\nLA TARDOR\u00a0<br \/>\nCOMEN\u00c7A A FER M\u00c9S FRED, ALS ARBRES LI CAUEN LES FULLES, LES MUNTANYES ES VESTEIXEN DE COLORS GROCS I TARONGES, AIX\u00d2 VOL DIR QUE HA ARRIBAT LA TARDOR!!!!<br \/>\nELS NENS I NENES DE P4, HEM DECORAT ELS PASSADISSOS I ESTEM FENT MOLTES COSES PER&hellip;  <a href=\"https:\/\/agora.xtec.cat\/ceipgranullarius\/educacio-infantil\/treball-de-tardor-p4-a\/\" title=\"Read Treball de tardor P4 A\">Llegeix m\u00e9s\u00bb<\/a><\/p>\n","protected":false},"author":1,"featured_media":1151,"comment_status":"closed","ping_status":"closed","sticky":false,"template":"","format":"standard","meta":{"_bbp_topic_count":0,"_bbp_reply_count":0,"_bbp_total_topic_count":0,"_bbp_total_reply_count":0,"_bbp_voice_count":0,"_bbp_anonymous_reply_count":0,"_bbp_topic_count_hidden":0,"_bbp_reply_count_hidden":0,"_bbp_forum_subforum_count":0,"footnotes":""},"categories":[2,8,4],"tags":[],"class_list":["post-2010","post","type-post","status-publish","format-standard","has-post-thumbnail","hentry","category-educacio-infantil","category-i4","category-portada"],"post_mailing_queue_ids":[],"_links":{"self":[{"href":"https:\/\/agora.xtec.cat\/ceipgranullarius\/wp-json\/wp\/v2\/posts\/2010","targetHints":{"allow":["GET"]}}],"collection":[{"href":"https:\/\/agora.xtec.cat\/ceipgranullarius\/wp-json\/wp\/v2\/posts"}],"about":[{"href":"https:\/\/agora.xtec.cat\/ceipgranullarius\/wp-json\/wp\/v2\/types\/post"}],"author":[{"embeddable":true,"href":"https:\/\/agora.xtec.cat\/ceipgranullarius\/wp-json\/wp\/v2\/users\/1"}],"replies":[{"embeddable":true,"href":"https:\/\/agora.xtec.cat\/ceipgranullarius\/wp-json\/wp\/v2\/comments?post=2010"}],"version-history":[{"count":1,"href":"https:\/\/agora.xtec.cat\/ceipgranullarius\/wp-json\/wp\/v2\/posts\/2010\/revisions"}],"predecessor-version":[{"id":2012,"href":"https:\/\/agora.xtec.cat\/ceipgranullarius\/wp-json\/wp\/v2\/posts\/2010\/revisions\/2012"}],"wp:featuredmedia":[{"embeddable":true,"href":"https:\/\/agora.xtec.cat\/ceipgranullarius\/wp-json\/wp\/v2\/media\/1151"}],"wp:attachment":[{"href":"https:\/\/agora.xtec.cat\/ceipgranullarius\/wp-json\/wp\/v2\/media?parent=2010"}],"wp:term":[{"taxonomy":"category","embeddable":true,"href":"https:\/\/agora.xtec.cat\/ceipgranullarius\/wp-json\/wp\/v2\/categories?post=2010"},{"taxonomy":"post_tag","embeddable":true,"href":"https:\/\/agora.xtec.cat\/ceipgranullarius\/wp-json\/wp\/v2\/tags?post=2010"}],"curies":[{"name":"wp","href":"https:\/\/api.w.org\/{rel}","templated":true}]}}