{"id":2007,"date":"2021-01-28T11:05:16","date_gmt":"2021-01-28T10:05:16","guid":{"rendered":"http:\/\/agora.xtec.cat\/ceipgranullarius\/?p=2007"},"modified":"2021-01-28T11:05:16","modified_gmt":"2021-01-28T10:05:16","slug":"santa-fe-del-montseny-4t","status":"publish","type":"post","link":"https:\/\/agora.xtec.cat\/ceipgranullarius\/portada\/santa-fe-del-montseny-4t\/","title":{"rendered":"SANTA FE DEL MONTSENY 4t"},"content":{"rendered":"<p style=\"text-align: center;\"><a href=\"https:\/\/agora.xtec.cat\/ceipgranullarius\/wp-content\/uploads\/usu769\/2021\/01\/1.PORTADA-2.jpg\"><img loading=\"lazy\" decoding=\"async\" class=\"aligncenter wp-image-2008 size-medium\" src=\"https:\/\/agora.xtec.cat\/ceipgranullarius\/wp-content\/uploads\/usu769\/2021\/01\/1.PORTADA-2-e1611828280470-225x300.jpg\" alt=\"\" width=\"225\" height=\"300\" srcset=\"https:\/\/agora.xtec.cat\/ceipgranullarius\/wp-content\/uploads\/usu769\/2021\/01\/1.PORTADA-2-e1611828280470-225x300.jpg 225w, https:\/\/agora.xtec.cat\/ceipgranullarius\/wp-content\/uploads\/usu769\/2021\/01\/1.PORTADA-2-e1611828280470.jpg 450w\" sizes=\"auto, (max-width: 225px) 100vw, 225px\" \/><\/a><\/p>\n<p><span style=\"font-weight: 400;\">El 19 de novembre, els alumnes de 4t, vam anar a Santa Fe del Montseny a gaudir de la fageda i descobrir una mica m\u00e9s la nostra comarca, el Vall\u00e8s Oriental; la seva fauna i flora. Les sequoies ens van sorprendre a l\u2019arribar. Vam veure boix gr\u00e8vol, l\u00edquens, fulles de castanyer, de roure i de faig, tamb\u00e9 els fruits del faig, les fatges. Ah! i una salamandra!.\u00a0<\/span><\/p>\n<p><span style=\"font-weight: 400;\">Ho vam passar molt b\u00e9 i el paisatge ens va encantar.<\/span><\/p>\n<p><a href=\"https:\/\/photos.app.goo.gl\/NYsbCg96TkrKizZU7\">\u00c0lbum de fotos.<\/a><\/p>\n","protected":false},"excerpt":{"rendered":"<p><a href=\"https:\/\/agora.xtec.cat\/ceipgranullarius\/wp-content\/uploads\/usu769\/2021\/01\/1.PORTADA-2.jpg\"><\/a><br \/>\nEl 19 de novembre, els alumnes de 4t, vam anar a Santa Fe del Montseny a gaudir de la fageda i descobrir una mica m\u00e9s la nostra comarca, el Vall\u00e8s Oriental; la seva fauna i flora. Les sequoies ens van sorprendre a l\u2019arribar. Vam&hellip;  <a href=\"https:\/\/agora.xtec.cat\/ceipgranullarius\/portada\/santa-fe-del-montseny-4t\/\" title=\"Read SANTA FE DEL MONTSENY 4t\">Llegeix m\u00e9s\u00bb<\/a><\/p>\n","protected":false},"author":1,"featured_media":1151,"comment_status":"closed","ping_status":"closed","sticky":false,"template":"","format":"standard","meta":{"_bbp_topic_count":0,"_bbp_reply_count":0,"_bbp_total_topic_count":0,"_bbp_total_reply_count":0,"_bbp_voice_count":0,"_bbp_anonymous_reply_count":0,"_bbp_topic_count_hidden":0,"_bbp_reply_count_hidden":0,"_bbp_forum_subforum_count":0,"footnotes":""},"categories":[13,4],"tags":[],"class_list":["post-2007","post","type-post","status-publish","format-standard","has-post-thumbnail","hentry","category-4t","category-portada"],"post_mailing_queue_ids":[],"_links":{"self":[{"href":"https:\/\/agora.xtec.cat\/ceipgranullarius\/wp-json\/wp\/v2\/posts\/2007","targetHints":{"allow":["GET"]}}],"collection":[{"href":"https:\/\/agora.xtec.cat\/ceipgranullarius\/wp-json\/wp\/v2\/posts"}],"about":[{"href":"https:\/\/agora.xtec.cat\/ceipgranullarius\/wp-json\/wp\/v2\/types\/post"}],"author":[{"embeddable":true,"href":"https:\/\/agora.xtec.cat\/ceipgranullarius\/wp-json\/wp\/v2\/users\/1"}],"replies":[{"embeddable":true,"href":"https:\/\/agora.xtec.cat\/ceipgranullarius\/wp-json\/wp\/v2\/comments?post=2007"}],"version-history":[{"count":1,"href":"https:\/\/agora.xtec.cat\/ceipgranullarius\/wp-json\/wp\/v2\/posts\/2007\/revisions"}],"predecessor-version":[{"id":2009,"href":"https:\/\/agora.xtec.cat\/ceipgranullarius\/wp-json\/wp\/v2\/posts\/2007\/revisions\/2009"}],"wp:featuredmedia":[{"embeddable":true,"href":"https:\/\/agora.xtec.cat\/ceipgranullarius\/wp-json\/wp\/v2\/media\/1151"}],"wp:attachment":[{"href":"https:\/\/agora.xtec.cat\/ceipgranullarius\/wp-json\/wp\/v2\/media?parent=2007"}],"wp:term":[{"taxonomy":"category","embeddable":true,"href":"https:\/\/agora.xtec.cat\/ceipgranullarius\/wp-json\/wp\/v2\/categories?post=2007"},{"taxonomy":"post_tag","embeddable":true,"href":"https:\/\/agora.xtec.cat\/ceipgranullarius\/wp-json\/wp\/v2\/tags?post=2007"}],"curies":[{"name":"wp","href":"https:\/\/api.w.org\/{rel}","templated":true}]}}