{"id":2001,"date":"2021-01-28T10:56:17","date_gmt":"2021-01-28T09:56:17","guid":{"rendered":"http:\/\/agora.xtec.cat\/ceipgranullarius\/?p=2001"},"modified":"2021-01-28T10:56:17","modified_gmt":"2021-01-28T09:56:17","slug":"el-tio-a-p4-b","status":"publish","type":"post","link":"https:\/\/agora.xtec.cat\/ceipgranullarius\/educacio-infantil\/el-tio-a-p4-b\/","title":{"rendered":"EL TI\u00d3 A P4 B"},"content":{"rendered":"<p style=\"text-align: center;\"><a href=\"https:\/\/agora.xtec.cat\/ceipgranullarius\/wp-content\/uploads\/usu769\/2021\/01\/1.PORTADA-TI\u00d3-.jpg\"><img loading=\"lazy\" decoding=\"async\" class=\"aligncenter size-medium wp-image-2002\" src=\"https:\/\/agora.xtec.cat\/ceipgranullarius\/wp-content\/uploads\/usu769\/2021\/01\/1.PORTADA-TI\u00d3--300x225.jpg\" alt=\"\" width=\"300\" height=\"225\" srcset=\"https:\/\/agora.xtec.cat\/ceipgranullarius\/wp-content\/uploads\/usu769\/2021\/01\/1.PORTADA-TI\u00d3--300x225.jpg 300w, https:\/\/agora.xtec.cat\/ceipgranullarius\/wp-content\/uploads\/usu769\/2021\/01\/1.PORTADA-TI\u00d3--200x150.jpg 200w, https:\/\/agora.xtec.cat\/ceipgranullarius\/wp-content\/uploads\/usu769\/2021\/01\/1.PORTADA-TI\u00d3-.jpg 600w\" sizes=\"auto, (max-width: 300px) 100vw, 300px\" \/><\/a><\/p>\n<p><span style=\"font-weight: 400;\">Els passadissos de P4 comencen a fer pudor, oh! Qui est\u00e0 tocant a la porta? \u00c9s el Ti\u00f3!!!!!<\/span><\/p>\n<p><span style=\"font-weight: 400;\">Tots\/es li donem la benvinguda i cada dia l\u2019atipem b\u00e9 al passad\u00eds, per quan arribi el dia ens cagui moltes coses.<\/span><\/p>\n<p><span style=\"font-weight: 400;\">I per fi arriba el dia, estem molt nerviosos\/es i amb molta il\u00b7lusi\u00f3, el fem cagar i ens ha cagat unes baldufes!!!!<\/span><\/p>\n<p><span style=\"font-weight: 400;\">Els nens i nenes de P4 estan molt contents i ja l\u2019esperen amb molta il\u00b7lusi\u00f3 per l\u2019any que ve.<\/span><\/p>\n<p><a href=\"https:\/\/photos.app.goo.gl\/25BpmtPpMX3SUcpA6\">\u00c0lbum de fotos.<\/a><\/p>\n","protected":false},"excerpt":{"rendered":"<p><a href=\"https:\/\/agora.xtec.cat\/ceipgranullarius\/wp-content\/uploads\/usu769\/2021\/01\/1.PORTADA-TI\u00d3-.jpg\"><\/a><br \/>\nEls passadissos de P4 comencen a fer pudor, oh! Qui est\u00e0 tocant a la porta? \u00c9s el Ti\u00f3!!!!!<br \/>\nTots\/es li donem la benvinguda i cada dia l\u2019atipem b\u00e9 al passad\u00eds, per quan arribi el dia ens cagui moltes coses.<br \/>\nI per fi arriba el dia, estem&hellip;  <a href=\"https:\/\/agora.xtec.cat\/ceipgranullarius\/educacio-infantil\/el-tio-a-p4-b\/\" title=\"Read EL TI\u00d3 A P4 B\">Llegeix m\u00e9s\u00bb<\/a><\/p>\n","protected":false},"author":1,"featured_media":1151,"comment_status":"closed","ping_status":"closed","sticky":false,"template":"","format":"standard","meta":{"_bbp_topic_count":0,"_bbp_reply_count":0,"_bbp_total_topic_count":0,"_bbp_total_reply_count":0,"_bbp_voice_count":0,"_bbp_anonymous_reply_count":0,"_bbp_topic_count_hidden":0,"_bbp_reply_count_hidden":0,"_bbp_forum_subforum_count":0,"footnotes":""},"categories":[2,8,4],"tags":[],"class_list":["post-2001","post","type-post","status-publish","format-standard","has-post-thumbnail","hentry","category-educacio-infantil","category-i4","category-portada"],"post_mailing_queue_ids":[],"_links":{"self":[{"href":"https:\/\/agora.xtec.cat\/ceipgranullarius\/wp-json\/wp\/v2\/posts\/2001","targetHints":{"allow":["GET"]}}],"collection":[{"href":"https:\/\/agora.xtec.cat\/ceipgranullarius\/wp-json\/wp\/v2\/posts"}],"about":[{"href":"https:\/\/agora.xtec.cat\/ceipgranullarius\/wp-json\/wp\/v2\/types\/post"}],"author":[{"embeddable":true,"href":"https:\/\/agora.xtec.cat\/ceipgranullarius\/wp-json\/wp\/v2\/users\/1"}],"replies":[{"embeddable":true,"href":"https:\/\/agora.xtec.cat\/ceipgranullarius\/wp-json\/wp\/v2\/comments?post=2001"}],"version-history":[{"count":1,"href":"https:\/\/agora.xtec.cat\/ceipgranullarius\/wp-json\/wp\/v2\/posts\/2001\/revisions"}],"predecessor-version":[{"id":2003,"href":"https:\/\/agora.xtec.cat\/ceipgranullarius\/wp-json\/wp\/v2\/posts\/2001\/revisions\/2003"}],"wp:featuredmedia":[{"embeddable":true,"href":"https:\/\/agora.xtec.cat\/ceipgranullarius\/wp-json\/wp\/v2\/media\/1151"}],"wp:attachment":[{"href":"https:\/\/agora.xtec.cat\/ceipgranullarius\/wp-json\/wp\/v2\/media?parent=2001"}],"wp:term":[{"taxonomy":"category","embeddable":true,"href":"https:\/\/agora.xtec.cat\/ceipgranullarius\/wp-json\/wp\/v2\/categories?post=2001"},{"taxonomy":"post_tag","embeddable":true,"href":"https:\/\/agora.xtec.cat\/ceipgranullarius\/wp-json\/wp\/v2\/tags?post=2001"}],"curies":[{"name":"wp","href":"https:\/\/api.w.org\/{rel}","templated":true}]}}