{"id":1980,"date":"2021-01-27T12:37:04","date_gmt":"2021-01-27T11:37:04","guid":{"rendered":"http:\/\/agora.xtec.cat\/ceipgranullarius\/?p=1980"},"modified":"2021-01-27T12:37:04","modified_gmt":"2021-01-27T11:37:04","slug":"les-emocions-lamor-1rc","status":"publish","type":"post","link":"https:\/\/agora.xtec.cat\/ceipgranullarius\/portada\/les-emocions-lamor-1rc\/","title":{"rendered":"LES EMOCIONS: L\u2019AMOR\u00a01rC"},"content":{"rendered":"<p><a href=\"https:\/\/agora.xtec.cat\/ceipgranullarius\/wp-content\/uploads\/usu769\/2021\/01\/2.-Foto-de-portada.jpg\"><img loading=\"lazy\" decoding=\"async\" class=\"aligncenter size-medium wp-image-1981\" src=\"https:\/\/agora.xtec.cat\/ceipgranullarius\/wp-content\/uploads\/usu769\/2021\/01\/2.-Foto-de-portada-212x300.jpg\" alt=\"\" width=\"212\" height=\"300\" srcset=\"https:\/\/agora.xtec.cat\/ceipgranullarius\/wp-content\/uploads\/usu769\/2021\/01\/2.-Foto-de-portada-212x300.jpg 212w, https:\/\/agora.xtec.cat\/ceipgranullarius\/wp-content\/uploads\/usu769\/2021\/01\/2.-Foto-de-portada-768x1086.jpg 768w, https:\/\/agora.xtec.cat\/ceipgranullarius\/wp-content\/uploads\/usu769\/2021\/01\/2.-Foto-de-portada-724x1024.jpg 724w, https:\/\/agora.xtec.cat\/ceipgranullarius\/wp-content\/uploads\/usu769\/2021\/01\/2.-Foto-de-portada.jpg 1654w\" sizes=\"auto, (max-width: 212px) 100vw, 212px\" \/><\/a><span style=\"font-weight: 400;\">Aquest trimestre estem treballant les <\/span><b>emocions b\u00e0siques<\/b><span style=\"font-weight: 400;\">: la <\/span><b>tristesa<\/b><span style=\"font-weight: 400;\"> i l\u2019<\/span><b>amor<\/b><span style=\"font-weight: 400;\">. Tenir clar quines s\u00f3n i ser capa\u00e7os de recon\u00e8ixer-les ens ajuda a saber com reaccionar quan les sentim en nosaltres mateixos i com actuar, de la millor manera, quan volem ajudar a un company o companya.\u00a0<\/span><\/p>\n<p><span style=\"font-weight: 400;\">Amb aquesta not\u00edcia volem compartir amb vosaltres, pares i mares, dues de les activitats que hem fet al treballar l\u2019<\/span><b>amor<\/b><span style=\"font-weight: 400;\">. La 1a es diu \u201c<\/span><b>paraules dolces<\/b><span style=\"font-weight: 400;\">\u201d, que consisteix en posar-nos en dues files formant un t\u00fanel i passar-hi per dins, mentre els\u00a0 companys\/es ens diuen coses bones, coses positives de la cadasc\u00fa de nosaltres.<\/span><\/p>\n<p><span style=\"font-weight: 400;\">La 2a es diu \u201c<\/span><b>ens estimem en silenci<\/b><span style=\"font-weight: 400;\">\u201d, en la que haurem de demostrar que ens estimen molt, per\u00f2 sense parlar. Demostrar tot el nostre amor sense ni una paraula. Ens podem enviar petons, abra\u00e7ades, salutacions afectuoses,&#8230; per\u00f2 en silenci.<\/span><\/p>\n<p>&nbsp;<\/p>\n<p><span style=\"font-weight: 400;\"><a href=\"https:\/\/photos.app.goo.gl\/FqorJZfTt5JgJ71EA\">Aqu\u00ed us deixem els nostres v\u00eddeos<\/a>. Esperem que us agradin molt!<\/span><\/p>\n","protected":false},"excerpt":{"rendered":"<p><a href=\"https:\/\/agora.xtec.cat\/ceipgranullarius\/wp-content\/uploads\/usu769\/2021\/01\/2.-Foto-de-portada.jpg\"><\/a>Aquest trimestre estem treballant les emocions b\u00e0siques: la tristesa i l\u2019amor. Tenir clar quines s\u00f3n i ser capa\u00e7os de recon\u00e8ixer-les ens ajuda a saber com reaccionar quan les sentim en nosaltres mateixos i com actuar, de la millor manera, quan volem ajudar a un&hellip;  <a href=\"https:\/\/agora.xtec.cat\/ceipgranullarius\/portada\/les-emocions-lamor-1rc\/\" title=\"Read LES EMOCIONS: L\u2019AMOR\u00a01rC\">Llegeix m\u00e9s\u00bb<\/a><\/p>\n","protected":false},"author":1,"featured_media":1151,"comment_status":"open","ping_status":"closed","sticky":false,"template":"","format":"standard","meta":{"_bbp_topic_count":0,"_bbp_reply_count":0,"_bbp_total_topic_count":0,"_bbp_total_reply_count":0,"_bbp_voice_count":0,"_bbp_anonymous_reply_count":0,"_bbp_topic_count_hidden":0,"_bbp_reply_count_hidden":0,"_bbp_forum_subforum_count":0,"footnotes":""},"categories":[10,4],"tags":[],"class_list":["post-1980","post","type-post","status-publish","format-standard","has-post-thumbnail","hentry","category-1r","category-portada"],"post_mailing_queue_ids":[],"_links":{"self":[{"href":"https:\/\/agora.xtec.cat\/ceipgranullarius\/wp-json\/wp\/v2\/posts\/1980","targetHints":{"allow":["GET"]}}],"collection":[{"href":"https:\/\/agora.xtec.cat\/ceipgranullarius\/wp-json\/wp\/v2\/posts"}],"about":[{"href":"https:\/\/agora.xtec.cat\/ceipgranullarius\/wp-json\/wp\/v2\/types\/post"}],"author":[{"embeddable":true,"href":"https:\/\/agora.xtec.cat\/ceipgranullarius\/wp-json\/wp\/v2\/users\/1"}],"replies":[{"embeddable":true,"href":"https:\/\/agora.xtec.cat\/ceipgranullarius\/wp-json\/wp\/v2\/comments?post=1980"}],"version-history":[{"count":1,"href":"https:\/\/agora.xtec.cat\/ceipgranullarius\/wp-json\/wp\/v2\/posts\/1980\/revisions"}],"predecessor-version":[{"id":1982,"href":"https:\/\/agora.xtec.cat\/ceipgranullarius\/wp-json\/wp\/v2\/posts\/1980\/revisions\/1982"}],"wp:featuredmedia":[{"embeddable":true,"href":"https:\/\/agora.xtec.cat\/ceipgranullarius\/wp-json\/wp\/v2\/media\/1151"}],"wp:attachment":[{"href":"https:\/\/agora.xtec.cat\/ceipgranullarius\/wp-json\/wp\/v2\/media?parent=1980"}],"wp:term":[{"taxonomy":"category","embeddable":true,"href":"https:\/\/agora.xtec.cat\/ceipgranullarius\/wp-json\/wp\/v2\/categories?post=1980"},{"taxonomy":"post_tag","embeddable":true,"href":"https:\/\/agora.xtec.cat\/ceipgranullarius\/wp-json\/wp\/v2\/tags?post=1980"}],"curies":[{"name":"wp","href":"https:\/\/api.w.org\/{rel}","templated":true}]}}