{"id":1970,"date":"2021-01-25T12:28:14","date_gmt":"2021-01-25T11:28:14","guid":{"rendered":"http:\/\/agora.xtec.cat\/ceipgranullarius\/?p=1970"},"modified":"2021-01-25T12:28:14","modified_gmt":"2021-01-25T11:28:14","slug":"caguem-el-tio-1r-i-2n","status":"publish","type":"post","link":"https:\/\/agora.xtec.cat\/ceipgranullarius\/portada\/caguem-el-tio-1r-i-2n\/","title":{"rendered":"Caguem el ti\u00f3 1r i 2n!"},"content":{"rendered":"<p style=\"text-align: center;\"><a href=\"https:\/\/agora.xtec.cat\/ceipgranullarius\/wp-content\/uploads\/usu769\/2021\/01\/Portada.jpg\"><img loading=\"lazy\" decoding=\"async\" class=\"aligncenter size-medium wp-image-1971\" src=\"https:\/\/agora.xtec.cat\/ceipgranullarius\/wp-content\/uploads\/usu769\/2021\/01\/Portada-300x300.jpg\" alt=\"\" width=\"300\" height=\"300\" srcset=\"https:\/\/agora.xtec.cat\/ceipgranullarius\/wp-content\/uploads\/usu769\/2021\/01\/Portada-300x300.jpg 300w, https:\/\/agora.xtec.cat\/ceipgranullarius\/wp-content\/uploads\/usu769\/2021\/01\/Portada-150x150.jpg 150w, https:\/\/agora.xtec.cat\/ceipgranullarius\/wp-content\/uploads\/usu769\/2021\/01\/Portada.jpg 490w\" sizes=\"auto, (max-width: 300px) 100vw, 300px\" \/><\/a><\/p>\n<p><span style=\"font-weight: 400;\">Al desembre vam rebre la visita del ti\u00f3, i cada dia el vam estar alimentant de valent.<\/span><\/p>\n<p><span style=\"font-weight: 400;\">L\u2019\u00faltim dia del trimestre li vam cantar perqu\u00e8 ens cagu\u00e9s, i despr\u00e9s d&#8217;un parell d&#8217;intents, ens va cagar molts regals que no vam trigar a estrenar!!\u00a0<\/span><\/p>\n<p><span style=\"font-weight: 400;\">MOLTES GR\u00c0CIES, TI\u00d3!!!<\/span><\/p>\n<p><a href=\"https:\/\/photos.app.goo.gl\/hpjbtYRVRKXEg7xG8\">\u00c0lbum de fotos.<\/a><\/p>\n","protected":false},"excerpt":{"rendered":"<p><a href=\"https:\/\/agora.xtec.cat\/ceipgranullarius\/wp-content\/uploads\/usu769\/2021\/01\/Portada.jpg\"><\/a><br \/>\nAl desembre vam rebre la visita del ti\u00f3, i cada dia el vam estar alimentant de valent.<br \/>\nL\u2019\u00faltim dia del trimestre li vam cantar perqu\u00e8 ens cagu\u00e9s, i despr\u00e9s d&#8217;un parell d&#8217;intents, ens va cagar molts regals que no vam trigar a estrenar!!\u00a0<br \/>\nMOLTES GR\u00c0CIES, TI\u00d3!!!<br \/>\n<a&hellip;  <a href=\"https:\/\/agora.xtec.cat\/ceipgranullarius\/portada\/caguem-el-tio-1r-i-2n\/\" title=\"Read Caguem el ti\u00f3 1r i 2n!\">Llegeix m\u00e9s\u00bb<\/a><\/p>\n","protected":false},"author":1,"featured_media":1151,"comment_status":"closed","ping_status":"closed","sticky":false,"template":"","format":"standard","meta":{"_bbp_topic_count":0,"_bbp_reply_count":0,"_bbp_total_topic_count":0,"_bbp_total_reply_count":0,"_bbp_voice_count":0,"_bbp_anonymous_reply_count":0,"_bbp_topic_count_hidden":0,"_bbp_reply_count_hidden":0,"_bbp_forum_subforum_count":0,"footnotes":""},"categories":[10,11,4],"tags":[],"class_list":["post-1970","post","type-post","status-publish","format-standard","has-post-thumbnail","hentry","category-1r","category-2n","category-portada"],"post_mailing_queue_ids":[],"_links":{"self":[{"href":"https:\/\/agora.xtec.cat\/ceipgranullarius\/wp-json\/wp\/v2\/posts\/1970","targetHints":{"allow":["GET"]}}],"collection":[{"href":"https:\/\/agora.xtec.cat\/ceipgranullarius\/wp-json\/wp\/v2\/posts"}],"about":[{"href":"https:\/\/agora.xtec.cat\/ceipgranullarius\/wp-json\/wp\/v2\/types\/post"}],"author":[{"embeddable":true,"href":"https:\/\/agora.xtec.cat\/ceipgranullarius\/wp-json\/wp\/v2\/users\/1"}],"replies":[{"embeddable":true,"href":"https:\/\/agora.xtec.cat\/ceipgranullarius\/wp-json\/wp\/v2\/comments?post=1970"}],"version-history":[{"count":2,"href":"https:\/\/agora.xtec.cat\/ceipgranullarius\/wp-json\/wp\/v2\/posts\/1970\/revisions"}],"predecessor-version":[{"id":1973,"href":"https:\/\/agora.xtec.cat\/ceipgranullarius\/wp-json\/wp\/v2\/posts\/1970\/revisions\/1973"}],"wp:featuredmedia":[{"embeddable":true,"href":"https:\/\/agora.xtec.cat\/ceipgranullarius\/wp-json\/wp\/v2\/media\/1151"}],"wp:attachment":[{"href":"https:\/\/agora.xtec.cat\/ceipgranullarius\/wp-json\/wp\/v2\/media?parent=1970"}],"wp:term":[{"taxonomy":"category","embeddable":true,"href":"https:\/\/agora.xtec.cat\/ceipgranullarius\/wp-json\/wp\/v2\/categories?post=1970"},{"taxonomy":"post_tag","embeddable":true,"href":"https:\/\/agora.xtec.cat\/ceipgranullarius\/wp-json\/wp\/v2\/tags?post=1970"}],"curies":[{"name":"wp","href":"https:\/\/api.w.org\/{rel}","templated":true}]}}