{"id":1845,"date":"2020-11-20T13:17:28","date_gmt":"2020-11-20T12:17:28","guid":{"rendered":"http:\/\/agora.xtec.cat\/ceipgranullarius\/?p=1845"},"modified":"2020-11-20T13:31:15","modified_gmt":"2020-11-20T12:31:15","slug":"la-gata-i-el-belitre-1r","status":"publish","type":"post","link":"https:\/\/agora.xtec.cat\/ceipgranullarius\/portada\/la-gata-i-el-belitre-1r\/","title":{"rendered":"LA GATA I EL BELITRE 1r"},"content":{"rendered":"<p style=\"text-align: center;\"><a href=\"https:\/\/agora.xtec.cat\/ceipgranullarius\/wp-content\/uploads\/usu769\/2020\/11\/gata-i-belitre.jpg\"><img loading=\"lazy\" decoding=\"async\" class=\"aligncenter size-full wp-image-1847\" src=\"https:\/\/agora.xtec.cat\/ceipgranullarius\/wp-content\/uploads\/usu769\/2020\/11\/gata-i-belitre.jpg\" alt=\"\" width=\"225\" height=\"225\" srcset=\"https:\/\/agora.xtec.cat\/ceipgranullarius\/wp-content\/uploads\/usu769\/2020\/11\/gata-i-belitre.jpg 225w, https:\/\/agora.xtec.cat\/ceipgranullarius\/wp-content\/uploads\/usu769\/2020\/11\/gata-i-belitre-150x150.jpg 150w\" sizes=\"auto, (max-width: 225px) 100vw, 225px\" \/><\/a><\/p>\n<p><span style=\"font-weight: 400;\">A m\u00fasica estem treballant la pulsaci\u00f3 a trav\u00e9s de diferents activitats, una d\u2019elles \u00e9s a partir del moviment del propi cos seguint la can\u00e7\u00f3 de la Gata i el Belitre: <\/span><span style=\"font-weight: 400;\">pulsaci\u00f3 lenta (blanques), pulsaci\u00f3 r\u00e0pida (corxeres) i pulsaci\u00f3 interm\u00e8dia (negres).<\/span><\/p>\n<p><a href=\"https:\/\/photos.app.goo.gl\/cWod8kX3ykYUeH526\">Veure els v\u00eddeos.<\/a><\/p>\n","protected":false},"excerpt":{"rendered":"<p><a href=\"https:\/\/agora.xtec.cat\/ceipgranullarius\/wp-content\/uploads\/usu769\/2020\/11\/gata-i-belitre.jpg\"><\/a><br \/>\nA m\u00fasica estem treballant la pulsaci\u00f3 a trav\u00e9s de diferents activitats, una d\u2019elles \u00e9s a partir del moviment del propi cos seguint la can\u00e7\u00f3 de la Gata i el Belitre: pulsaci\u00f3 lenta (blanques), pulsaci\u00f3 r\u00e0pida (corxeres) i pulsaci\u00f3 interm\u00e8dia (negres).<br \/>\n<a href=\"https:\/\/photos.app.goo.gl\/cWod8kX3ykYUeH526\">Veure els v\u00eddeos.<\/a><\/p>\n","protected":false},"author":1,"featured_media":0,"comment_status":"closed","ping_status":"closed","sticky":false,"template":"","format":"standard","meta":{"_bbp_topic_count":0,"_bbp_reply_count":0,"_bbp_total_topic_count":0,"_bbp_total_reply_count":0,"_bbp_voice_count":0,"_bbp_anonymous_reply_count":0,"_bbp_topic_count_hidden":0,"_bbp_reply_count_hidden":0,"_bbp_forum_subforum_count":0,"footnotes":""},"categories":[10,4],"tags":[],"class_list":["post-1845","post","type-post","status-publish","format-standard","hentry","category-1r","category-portada"],"post_mailing_queue_ids":[],"_links":{"self":[{"href":"https:\/\/agora.xtec.cat\/ceipgranullarius\/wp-json\/wp\/v2\/posts\/1845","targetHints":{"allow":["GET"]}}],"collection":[{"href":"https:\/\/agora.xtec.cat\/ceipgranullarius\/wp-json\/wp\/v2\/posts"}],"about":[{"href":"https:\/\/agora.xtec.cat\/ceipgranullarius\/wp-json\/wp\/v2\/types\/post"}],"author":[{"embeddable":true,"href":"https:\/\/agora.xtec.cat\/ceipgranullarius\/wp-json\/wp\/v2\/users\/1"}],"replies":[{"embeddable":true,"href":"https:\/\/agora.xtec.cat\/ceipgranullarius\/wp-json\/wp\/v2\/comments?post=1845"}],"version-history":[{"count":2,"href":"https:\/\/agora.xtec.cat\/ceipgranullarius\/wp-json\/wp\/v2\/posts\/1845\/revisions"}],"predecessor-version":[{"id":1848,"href":"https:\/\/agora.xtec.cat\/ceipgranullarius\/wp-json\/wp\/v2\/posts\/1845\/revisions\/1848"}],"wp:attachment":[{"href":"https:\/\/agora.xtec.cat\/ceipgranullarius\/wp-json\/wp\/v2\/media?parent=1845"}],"wp:term":[{"taxonomy":"category","embeddable":true,"href":"https:\/\/agora.xtec.cat\/ceipgranullarius\/wp-json\/wp\/v2\/categories?post=1845"},{"taxonomy":"post_tag","embeddable":true,"href":"https:\/\/agora.xtec.cat\/ceipgranullarius\/wp-json\/wp\/v2\/tags?post=1845"}],"curies":[{"name":"wp","href":"https:\/\/api.w.org\/{rel}","templated":true}]}}