{"id":1838,"date":"2020-11-12T16:20:43","date_gmt":"2020-11-12T15:20:43","guid":{"rendered":"http:\/\/agora.xtec.cat\/ceipgranullarius\/?p=1838"},"modified":"2020-11-12T16:20:43","modified_gmt":"2020-11-12T15:20:43","slug":"disseccio-encefal-de-xai-4t","status":"publish","type":"post","link":"https:\/\/agora.xtec.cat\/ceipgranullarius\/portada\/disseccio-encefal-de-xai-4t\/","title":{"rendered":"DISSECCI\u00d3 ENC\u00c8FAL DE XAI 4t"},"content":{"rendered":"<p style=\"text-align: center;\"><a href=\"https:\/\/agora.xtec.cat\/ceipgranullarius\/wp-content\/uploads\/usu769\/2020\/11\/20201104_100259.jpg\"><img loading=\"lazy\" decoding=\"async\" class=\"aligncenter size-medium wp-image-1839\" src=\"https:\/\/agora.xtec.cat\/ceipgranullarius\/wp-content\/uploads\/usu769\/2020\/11\/20201104_100259-300x225.jpg\" alt=\"\" width=\"300\" height=\"225\" srcset=\"https:\/\/agora.xtec.cat\/ceipgranullarius\/wp-content\/uploads\/usu769\/2020\/11\/20201104_100259-300x225.jpg 300w, https:\/\/agora.xtec.cat\/ceipgranullarius\/wp-content\/uploads\/usu769\/2020\/11\/20201104_100259-768x576.jpg 768w, https:\/\/agora.xtec.cat\/ceipgranullarius\/wp-content\/uploads\/usu769\/2020\/11\/20201104_100259-1024x768.jpg 1024w, https:\/\/agora.xtec.cat\/ceipgranullarius\/wp-content\/uploads\/usu769\/2020\/11\/20201104_100259-200x150.jpg 200w\" sizes=\"auto, (max-width: 300px) 100vw, 300px\" \/><\/a><\/p>\n<p><span style=\"font-weight: 400;\">Els alumnes de 4t han fet la dissecci\u00f3 d\u2019un enc\u00e8fal de xai, han observat la seva morfologia i textura. Tamb\u00e9 han diferenciat el cervell, el cerebel i la medul\u00b7la espinal.\u00a0<\/span><\/p>\n<p><span style=\"font-weight: 400;\">Han vist la mat\u00e8ria gris i la mat\u00e8ria blanca al seccionar-lo.\u00a0<\/span><\/p>\n<p><span style=\"font-weight: 400;\">Ha estat una bona experi\u00e8ncia i tamb\u00e9 ho han passat molt b\u00e9.<\/span><\/p>\n<p><a href=\"https:\/\/photos.app.goo.gl\/NEvH4FYDoWpV2Biu9\">\u00c0lbum de fotos.<\/a><\/p>\n","protected":false},"excerpt":{"rendered":"<p><a href=\"https:\/\/agora.xtec.cat\/ceipgranullarius\/wp-content\/uploads\/usu769\/2020\/11\/20201104_100259.jpg\"><\/a><br \/>\nEls alumnes de 4t han fet la dissecci\u00f3 d\u2019un enc\u00e8fal de xai, han observat la seva morfologia i textura. Tamb\u00e9 han diferenciat el cervell, el cerebel i la medul\u00b7la espinal.\u00a0<br \/>\nHan vist la mat\u00e8ria gris i la mat\u00e8ria blanca al seccionar-lo.\u00a0<br \/>\nHa estat una bona experi\u00e8ncia&hellip;  <a href=\"https:\/\/agora.xtec.cat\/ceipgranullarius\/portada\/disseccio-encefal-de-xai-4t\/\" title=\"Read DISSECCI\u00d3 ENC\u00c8FAL DE XAI 4t\">Llegeix m\u00e9s\u00bb<\/a><\/p>\n","protected":false},"author":1,"featured_media":1151,"comment_status":"closed","ping_status":"closed","sticky":false,"template":"","format":"standard","meta":{"_bbp_topic_count":0,"_bbp_reply_count":0,"_bbp_total_topic_count":0,"_bbp_total_reply_count":0,"_bbp_voice_count":0,"_bbp_anonymous_reply_count":0,"_bbp_topic_count_hidden":0,"_bbp_reply_count_hidden":0,"_bbp_forum_subforum_count":0,"footnotes":""},"categories":[13,4],"tags":[],"class_list":["post-1838","post","type-post","status-publish","format-standard","has-post-thumbnail","hentry","category-4t","category-portada"],"post_mailing_queue_ids":[],"_links":{"self":[{"href":"https:\/\/agora.xtec.cat\/ceipgranullarius\/wp-json\/wp\/v2\/posts\/1838","targetHints":{"allow":["GET"]}}],"collection":[{"href":"https:\/\/agora.xtec.cat\/ceipgranullarius\/wp-json\/wp\/v2\/posts"}],"about":[{"href":"https:\/\/agora.xtec.cat\/ceipgranullarius\/wp-json\/wp\/v2\/types\/post"}],"author":[{"embeddable":true,"href":"https:\/\/agora.xtec.cat\/ceipgranullarius\/wp-json\/wp\/v2\/users\/1"}],"replies":[{"embeddable":true,"href":"https:\/\/agora.xtec.cat\/ceipgranullarius\/wp-json\/wp\/v2\/comments?post=1838"}],"version-history":[{"count":1,"href":"https:\/\/agora.xtec.cat\/ceipgranullarius\/wp-json\/wp\/v2\/posts\/1838\/revisions"}],"predecessor-version":[{"id":1840,"href":"https:\/\/agora.xtec.cat\/ceipgranullarius\/wp-json\/wp\/v2\/posts\/1838\/revisions\/1840"}],"wp:featuredmedia":[{"embeddable":true,"href":"https:\/\/agora.xtec.cat\/ceipgranullarius\/wp-json\/wp\/v2\/media\/1151"}],"wp:attachment":[{"href":"https:\/\/agora.xtec.cat\/ceipgranullarius\/wp-json\/wp\/v2\/media?parent=1838"}],"wp:term":[{"taxonomy":"category","embeddable":true,"href":"https:\/\/agora.xtec.cat\/ceipgranullarius\/wp-json\/wp\/v2\/categories?post=1838"},{"taxonomy":"post_tag","embeddable":true,"href":"https:\/\/agora.xtec.cat\/ceipgranullarius\/wp-json\/wp\/v2\/tags?post=1838"}],"curies":[{"name":"wp","href":"https:\/\/api.w.org\/{rel}","templated":true}]}}