{"id":1835,"date":"2020-11-12T16:08:35","date_gmt":"2020-11-12T15:08:35","guid":{"rendered":"http:\/\/agora.xtec.cat\/ceipgranullarius\/?p=1835"},"modified":"2020-11-12T16:08:35","modified_gmt":"2020-11-12T15:08:35","slug":"els-alumnes-de-primer-experimentem-amb-els-sentits","status":"publish","type":"post","link":"https:\/\/agora.xtec.cat\/ceipgranullarius\/portada\/els-alumnes-de-primer-experimentem-amb-els-sentits\/","title":{"rendered":"ELS ALUMNES DE PRIMER EXPERIMENTEM AMB ELS SENTITS"},"content":{"rendered":"<p style=\"text-align: center;\"><a href=\"https:\/\/agora.xtec.cat\/ceipgranullarius\/wp-content\/uploads\/usu769\/2020\/11\/0PORTADA.jpg\"><img loading=\"lazy\" decoding=\"async\" class=\"aligncenter size-medium wp-image-1836\" src=\"https:\/\/agora.xtec.cat\/ceipgranullarius\/wp-content\/uploads\/usu769\/2020\/11\/0PORTADA-300x225.jpg\" alt=\"\" width=\"300\" height=\"225\" srcset=\"https:\/\/agora.xtec.cat\/ceipgranullarius\/wp-content\/uploads\/usu769\/2020\/11\/0PORTADA-300x225.jpg 300w, https:\/\/agora.xtec.cat\/ceipgranullarius\/wp-content\/uploads\/usu769\/2020\/11\/0PORTADA-768x576.jpg 768w, https:\/\/agora.xtec.cat\/ceipgranullarius\/wp-content\/uploads\/usu769\/2020\/11\/0PORTADA-200x150.jpg 200w, https:\/\/agora.xtec.cat\/ceipgranullarius\/wp-content\/uploads\/usu769\/2020\/11\/0PORTADA.jpg 960w\" sizes=\"auto, (max-width: 300px) 100vw, 300px\" \/><\/a><\/p>\n<p><span style=\"font-weight: 400;\">Les i els alumnes de 1r estem treballant els cinc sentits i hem experimentat amb el tacte, l\u2019olfacte i el gust.<\/span><\/p>\n<p><span style=\"font-weight: 400;\">Primerament ens hem posat un antifa\u00e7 per centrar-nos en el sentit que treballaven, i hem comen\u00e7at amb el <\/span><b>tacte<\/b><span style=\"font-weight: 400;\">. Hem tocat objectes com cot\u00f3 fluix, una pilota tova, una pedra, paper de vidre i gel, i hem discriminat f\u00e0cilment les textures o temperatura d\u2019aquests objectes (suau, tou, dur, aspre, fred).\u00a0\u00a0<\/span><\/p>\n<p><span style=\"font-weight: 400;\">\u00a0Despr\u00e9s hem experimentat amb l\u2019<\/span><b>olfacte<\/b><span style=\"font-weight: 400;\">, discriminant entre olors agradables i desagradables. Hem olorat vinagre, perfum, alcohol i sab\u00f3. La majoria d\u2019alumnes han trobat que l\u2019olor del vinagre era desagradable, per\u00f2 a alguns els hi ha agradat.<\/span><\/p>\n<p><span style=\"font-weight: 400;\">Finalment hem experimentat amb el <\/span><b>gust<\/b><span style=\"font-weight: 400;\">, que \u00e9s el que ens ha agradat m\u00e9s. Hem tastat mel, xocolata, llimona, caf\u00e8 i pipes o sal, discriminant els sabors d\u2019aquests aliments en dol\u00e7, salat, \u00e0cid o amarg.<\/span><\/p>\n<p><span style=\"font-weight: 400;\">Ens ho hem passat molt b\u00e9 experimentant amb els sentits!!!!<\/span><\/p>\n<p><a href=\"https:\/\/www.youtube.com\/watch?v=z8pUQwNvo-A\">V\u00eddeo.<\/a><\/p>\n<p><a href=\"https:\/\/photos.app.goo.gl\/Xr26Y75y2N2NNsNFA\">\u00c0lbum de fotos.<\/a><\/p>\n","protected":false},"excerpt":{"rendered":"<p><a href=\"https:\/\/agora.xtec.cat\/ceipgranullarius\/wp-content\/uploads\/usu769\/2020\/11\/0PORTADA.jpg\"><\/a><br \/>\nLes i els alumnes de 1r estem treballant els cinc sentits i hem experimentat amb el tacte, l\u2019olfacte i el gust.<br \/>\nPrimerament ens hem posat un antifa\u00e7 per centrar-nos en el sentit que treballaven, i hem comen\u00e7at amb el tacte. Hem tocat objectes com cot\u00f3&hellip;  <a href=\"https:\/\/agora.xtec.cat\/ceipgranullarius\/portada\/els-alumnes-de-primer-experimentem-amb-els-sentits\/\" title=\"Read ELS ALUMNES DE PRIMER EXPERIMENTEM AMB ELS SENTITS\">Llegeix m\u00e9s\u00bb<\/a><\/p>\n","protected":false},"author":1,"featured_media":1151,"comment_status":"closed","ping_status":"closed","sticky":false,"template":"","format":"standard","meta":{"_bbp_topic_count":0,"_bbp_reply_count":0,"_bbp_total_topic_count":0,"_bbp_total_reply_count":0,"_bbp_voice_count":0,"_bbp_anonymous_reply_count":0,"_bbp_topic_count_hidden":0,"_bbp_reply_count_hidden":0,"_bbp_forum_subforum_count":0,"footnotes":""},"categories":[10,4],"tags":[],"class_list":["post-1835","post","type-post","status-publish","format-standard","has-post-thumbnail","hentry","category-1r","category-portada"],"post_mailing_queue_ids":[],"_links":{"self":[{"href":"https:\/\/agora.xtec.cat\/ceipgranullarius\/wp-json\/wp\/v2\/posts\/1835","targetHints":{"allow":["GET"]}}],"collection":[{"href":"https:\/\/agora.xtec.cat\/ceipgranullarius\/wp-json\/wp\/v2\/posts"}],"about":[{"href":"https:\/\/agora.xtec.cat\/ceipgranullarius\/wp-json\/wp\/v2\/types\/post"}],"author":[{"embeddable":true,"href":"https:\/\/agora.xtec.cat\/ceipgranullarius\/wp-json\/wp\/v2\/users\/1"}],"replies":[{"embeddable":true,"href":"https:\/\/agora.xtec.cat\/ceipgranullarius\/wp-json\/wp\/v2\/comments?post=1835"}],"version-history":[{"count":1,"href":"https:\/\/agora.xtec.cat\/ceipgranullarius\/wp-json\/wp\/v2\/posts\/1835\/revisions"}],"predecessor-version":[{"id":1837,"href":"https:\/\/agora.xtec.cat\/ceipgranullarius\/wp-json\/wp\/v2\/posts\/1835\/revisions\/1837"}],"wp:featuredmedia":[{"embeddable":true,"href":"https:\/\/agora.xtec.cat\/ceipgranullarius\/wp-json\/wp\/v2\/media\/1151"}],"wp:attachment":[{"href":"https:\/\/agora.xtec.cat\/ceipgranullarius\/wp-json\/wp\/v2\/media?parent=1835"}],"wp:term":[{"taxonomy":"category","embeddable":true,"href":"https:\/\/agora.xtec.cat\/ceipgranullarius\/wp-json\/wp\/v2\/categories?post=1835"},{"taxonomy":"post_tag","embeddable":true,"href":"https:\/\/agora.xtec.cat\/ceipgranullarius\/wp-json\/wp\/v2\/tags?post=1835"}],"curies":[{"name":"wp","href":"https:\/\/api.w.org\/{rel}","templated":true}]}}