{"id":1832,"date":"2020-11-12T16:04:31","date_gmt":"2020-11-12T15:04:31","guid":{"rendered":"http:\/\/agora.xtec.cat\/ceipgranullarius\/?p=1832"},"modified":"2020-11-12T16:04:31","modified_gmt":"2020-11-12T15:04:31","slug":"la-tardor-i-la-castanyada-a-1r","status":"publish","type":"post","link":"https:\/\/agora.xtec.cat\/ceipgranullarius\/portada\/la-tardor-i-la-castanyada-a-1r\/","title":{"rendered":"LA TARDOR I LA CASTANYADA a 1r"},"content":{"rendered":"<p style=\"text-align: center;\"><a href=\"https:\/\/agora.xtec.cat\/ceipgranullarius\/wp-content\/uploads\/usu769\/2020\/11\/1Raco-tardor.jpg\"><img loading=\"lazy\" decoding=\"async\" class=\"aligncenter size-medium wp-image-1833\" src=\"https:\/\/agora.xtec.cat\/ceipgranullarius\/wp-content\/uploads\/usu769\/2020\/11\/1Raco-tardor-300x228.jpg\" alt=\"\" width=\"300\" height=\"228\" srcset=\"https:\/\/agora.xtec.cat\/ceipgranullarius\/wp-content\/uploads\/usu769\/2020\/11\/1Raco-tardor-300x228.jpg 300w, https:\/\/agora.xtec.cat\/ceipgranullarius\/wp-content\/uploads\/usu769\/2020\/11\/1Raco-tardor-768x583.jpg 768w, https:\/\/agora.xtec.cat\/ceipgranullarius\/wp-content\/uploads\/usu769\/2020\/11\/1Raco-tardor-1024x777.jpg 1024w\" sizes=\"auto, (max-width: 300px) 100vw, 300px\" \/><\/a><\/p>\n<p><span style=\"font-weight: 400;\">Els i les alumnes de 1r hem portat de casa moltes coses relacionades amb la tardor: fruits (carbassa, magranes, mandarines, caquis, cireres d\u2019arbo\u00e7, castanyes, avellanes i glans), fulles de diferents colors i formes, bolets, pinyes, &#8230;\u00a0 Amb tot aix\u00f2 hem muntat <\/span><b>el rac\u00f3 de la tardor<\/b><span style=\"font-weight: 400;\">.<\/span><\/p>\n<p><span style=\"font-weight: 400;\">Fam\u00edlies, moltes gr\u00e0cies per la vostra col\u00b7laboraci\u00f3!<\/span><\/p>\n<p><span style=\"font-weight: 400;\">A pl\u00e0stica hem fet treballs relacionats amb la tardor i Halloween: un arbre amb fulles de colors de la tardor fet amb puntillisme, un cargol al qual li hem cosit la closca, un ratpenat terror\u00edfic i un bodeg\u00f3 de motius tardorencs. Tots aquests treballs els hem penjat al passad\u00eds.<\/span><\/p>\n<p><span style=\"font-weight: 400;\">Som uns grans artistes i ara ja sabem cosir!<\/span><\/p>\n<p><span style=\"font-weight: 400;\">El dia de la Castanyada al mat\u00ed vam pintar una castanyera. A la tarda vam ballar al pati la dansa \u201cLa rumba de les castanyes\u201d i a la classe ens vam menjar les castanyes.\u00a0<\/span><\/p>\n<p><a href=\"https:\/\/www.youtube.com\/watch?v=-pgXeCFH6Rw\">V\u00eddeo.<\/a><\/p>\n<p><a href=\"https:\/\/photos.app.goo.gl\/dKSpk6rduJ2XXjRT6\">\u00c0lbum de fotos.<\/a><\/p>\n","protected":false},"excerpt":{"rendered":"<p><a href=\"https:\/\/agora.xtec.cat\/ceipgranullarius\/wp-content\/uploads\/usu769\/2020\/11\/1Raco-tardor.jpg\"><\/a><br \/>\nEls i les alumnes de 1r hem portat de casa moltes coses relacionades amb la tardor: fruits (carbassa, magranes, mandarines, caquis, cireres d\u2019arbo\u00e7, castanyes, avellanes i glans), fulles de diferents colors i formes, bolets, pinyes, &#8230;\u00a0 Amb tot aix\u00f2 hem muntat el rac\u00f3 de&hellip;  <a href=\"https:\/\/agora.xtec.cat\/ceipgranullarius\/portada\/la-tardor-i-la-castanyada-a-1r\/\" title=\"Read LA TARDOR I LA CASTANYADA a 1r\">Llegeix m\u00e9s\u00bb<\/a><\/p>\n","protected":false},"author":1,"featured_media":1151,"comment_status":"closed","ping_status":"closed","sticky":false,"template":"","format":"standard","meta":{"_bbp_topic_count":0,"_bbp_reply_count":0,"_bbp_total_topic_count":0,"_bbp_total_reply_count":0,"_bbp_voice_count":0,"_bbp_anonymous_reply_count":0,"_bbp_topic_count_hidden":0,"_bbp_reply_count_hidden":0,"_bbp_forum_subforum_count":0,"footnotes":""},"categories":[10,4],"tags":[],"class_list":["post-1832","post","type-post","status-publish","format-standard","has-post-thumbnail","hentry","category-1r","category-portada"],"post_mailing_queue_ids":[],"_links":{"self":[{"href":"https:\/\/agora.xtec.cat\/ceipgranullarius\/wp-json\/wp\/v2\/posts\/1832","targetHints":{"allow":["GET"]}}],"collection":[{"href":"https:\/\/agora.xtec.cat\/ceipgranullarius\/wp-json\/wp\/v2\/posts"}],"about":[{"href":"https:\/\/agora.xtec.cat\/ceipgranullarius\/wp-json\/wp\/v2\/types\/post"}],"author":[{"embeddable":true,"href":"https:\/\/agora.xtec.cat\/ceipgranullarius\/wp-json\/wp\/v2\/users\/1"}],"replies":[{"embeddable":true,"href":"https:\/\/agora.xtec.cat\/ceipgranullarius\/wp-json\/wp\/v2\/comments?post=1832"}],"version-history":[{"count":1,"href":"https:\/\/agora.xtec.cat\/ceipgranullarius\/wp-json\/wp\/v2\/posts\/1832\/revisions"}],"predecessor-version":[{"id":1834,"href":"https:\/\/agora.xtec.cat\/ceipgranullarius\/wp-json\/wp\/v2\/posts\/1832\/revisions\/1834"}],"wp:featuredmedia":[{"embeddable":true,"href":"https:\/\/agora.xtec.cat\/ceipgranullarius\/wp-json\/wp\/v2\/media\/1151"}],"wp:attachment":[{"href":"https:\/\/agora.xtec.cat\/ceipgranullarius\/wp-json\/wp\/v2\/media?parent=1832"}],"wp:term":[{"taxonomy":"category","embeddable":true,"href":"https:\/\/agora.xtec.cat\/ceipgranullarius\/wp-json\/wp\/v2\/categories?post=1832"},{"taxonomy":"post_tag","embeddable":true,"href":"https:\/\/agora.xtec.cat\/ceipgranullarius\/wp-json\/wp\/v2\/tags?post=1832"}],"curies":[{"name":"wp","href":"https:\/\/api.w.org\/{rel}","templated":true}]}}