{"id":1815,"date":"2020-11-12T15:26:56","date_gmt":"2020-11-12T14:26:56","guid":{"rendered":"http:\/\/agora.xtec.cat\/ceipgranullarius\/?p=1815"},"modified":"2020-11-12T15:29:26","modified_gmt":"2020-11-12T14:29:26","slug":"dia-de-festa-la-castanyada-p5","status":"publish","type":"post","link":"https:\/\/agora.xtec.cat\/ceipgranullarius\/educacio-infantil\/dia-de-festa-la-castanyada-p5\/","title":{"rendered":"DIA DE FESTA. LA CASTANYADA P5"},"content":{"rendered":"<p style=\"text-align: center;\"><a href=\"https:\/\/agora.xtec.cat\/ceipgranullarius\/wp-content\/uploads\/usu769\/2020\/11\/1.-PORTADA.jpg\"><img loading=\"lazy\" decoding=\"async\" class=\"aligncenter size-medium wp-image-1818\" src=\"https:\/\/agora.xtec.cat\/ceipgranullarius\/wp-content\/uploads\/usu769\/2020\/11\/1.-PORTADA-300x225.jpg\" alt=\"\" width=\"300\" height=\"225\" srcset=\"https:\/\/agora.xtec.cat\/ceipgranullarius\/wp-content\/uploads\/usu769\/2020\/11\/1.-PORTADA-300x225.jpg 300w, https:\/\/agora.xtec.cat\/ceipgranullarius\/wp-content\/uploads\/usu769\/2020\/11\/1.-PORTADA-768x576.jpg 768w, https:\/\/agora.xtec.cat\/ceipgranullarius\/wp-content\/uploads\/usu769\/2020\/11\/1.-PORTADA-1024x768.jpg 1024w, https:\/\/agora.xtec.cat\/ceipgranullarius\/wp-content\/uploads\/usu769\/2020\/11\/1.-PORTADA-200x150.jpg 200w\" sizes=\"auto, (max-width: 300px) 100vw, 300px\" \/><\/a><\/p>\n<p>La festa de la castanyada es tradicional a la nostra escola. Volem compartir amb totes les<\/p>\n<p>fam\u00edlies les activitats que hem fet durant el dia.<\/p>\n<p>No pot faltar la representaci\u00f3 del conte:&amp;quot; La castanyera&amp;quot;. On una velleta una mica curta de<\/p>\n<p>vista agafa cargols en comptes de castanyes. Qu\u00e8 despistada que est\u00e0!.<\/p>\n<p>A la tarda, al pati hem vist les danses dels nostres companys i companyes. Molt maques totes!!<br \/>\nTamb\u00e9 hem fet la nostra dansa perqu\u00e8 tothom la conegu\u00e9s. Ens ha sortit molt b\u00e9 i est\u00e0vem<\/p>\n<p>molt contents.<\/p>\n<p>A la classe ens hem menjat les castanyes. Alguns nens i nenes les han trobat bon\u00edssimes i<\/p>\n<p>altres nom\u00e9s les han tastades.<br \/>\nVISCA LA CASTANYERA!!<\/p>\n<p><a href=\"https:\/\/photos.app.goo.gl\/x1vzpTgCzNY2SNe78\">\u00c0lbum de fotos.<\/a><\/p>\n","protected":false},"excerpt":{"rendered":"<p><a href=\"https:\/\/agora.xtec.cat\/ceipgranullarius\/wp-content\/uploads\/usu769\/2020\/11\/1.-PORTADA.jpg\"><\/a><br \/>\nLa festa de la castanyada es tradicional a la nostra escola. Volem compartir amb totes les<br \/>\nfam\u00edlies les activitats que hem fet durant el dia.<br \/>\nNo pot faltar la representaci\u00f3 del conte:&amp;quot; La castanyera&amp;quot;. On una velleta una mica curta de<br \/>\nvista agafa cargols en comptes de&hellip;  <a href=\"https:\/\/agora.xtec.cat\/ceipgranullarius\/educacio-infantil\/dia-de-festa-la-castanyada-p5\/\" title=\"Read DIA DE FESTA. LA CASTANYADA P5\">Llegeix m\u00e9s\u00bb<\/a><\/p>\n","protected":false},"author":1,"featured_media":1151,"comment_status":"closed","ping_status":"closed","sticky":false,"template":"","format":"standard","meta":{"_bbp_topic_count":0,"_bbp_reply_count":0,"_bbp_total_topic_count":0,"_bbp_total_reply_count":0,"_bbp_voice_count":0,"_bbp_anonymous_reply_count":0,"_bbp_topic_count_hidden":0,"_bbp_reply_count_hidden":0,"_bbp_forum_subforum_count":0,"footnotes":""},"categories":[2,9,4],"tags":[],"class_list":["post-1815","post","type-post","status-publish","format-standard","has-post-thumbnail","hentry","category-educacio-infantil","category-i5","category-portada"],"post_mailing_queue_ids":[],"_links":{"self":[{"href":"https:\/\/agora.xtec.cat\/ceipgranullarius\/wp-json\/wp\/v2\/posts\/1815","targetHints":{"allow":["GET"]}}],"collection":[{"href":"https:\/\/agora.xtec.cat\/ceipgranullarius\/wp-json\/wp\/v2\/posts"}],"about":[{"href":"https:\/\/agora.xtec.cat\/ceipgranullarius\/wp-json\/wp\/v2\/types\/post"}],"author":[{"embeddable":true,"href":"https:\/\/agora.xtec.cat\/ceipgranullarius\/wp-json\/wp\/v2\/users\/1"}],"replies":[{"embeddable":true,"href":"https:\/\/agora.xtec.cat\/ceipgranullarius\/wp-json\/wp\/v2\/comments?post=1815"}],"version-history":[{"count":3,"href":"https:\/\/agora.xtec.cat\/ceipgranullarius\/wp-json\/wp\/v2\/posts\/1815\/revisions"}],"predecessor-version":[{"id":1819,"href":"https:\/\/agora.xtec.cat\/ceipgranullarius\/wp-json\/wp\/v2\/posts\/1815\/revisions\/1819"}],"wp:featuredmedia":[{"embeddable":true,"href":"https:\/\/agora.xtec.cat\/ceipgranullarius\/wp-json\/wp\/v2\/media\/1151"}],"wp:attachment":[{"href":"https:\/\/agora.xtec.cat\/ceipgranullarius\/wp-json\/wp\/v2\/media?parent=1815"}],"wp:term":[{"taxonomy":"category","embeddable":true,"href":"https:\/\/agora.xtec.cat\/ceipgranullarius\/wp-json\/wp\/v2\/categories?post=1815"},{"taxonomy":"post_tag","embeddable":true,"href":"https:\/\/agora.xtec.cat\/ceipgranullarius\/wp-json\/wp\/v2\/tags?post=1815"}],"curies":[{"name":"wp","href":"https:\/\/api.w.org\/{rel}","templated":true}]}}