{"id":1771,"date":"2020-09-12T20:47:36","date_gmt":"2020-09-12T18:47:36","guid":{"rendered":"http:\/\/agora.xtec.cat\/ceipgranullarius\/?p=1771"},"modified":"2020-09-12T20:49:59","modified_gmt":"2020-09-12T18:49:59","slug":"comiat-de-6e-families","status":"publish","type":"post","link":"https:\/\/agora.xtec.cat\/ceipgranullarius\/portada\/comiat-de-6e-families\/","title":{"rendered":"COMIAT DE 6\u00e8, fam\u00edlies!"},"content":{"rendered":"<p style=\"text-align: center;\"><a href=\"https:\/\/agora.xtec.cat\/ceipgranullarius\/wp-content\/uploads\/usu769\/2020\/09\/PORTADA.jpg\"><img loading=\"lazy\" decoding=\"async\" class=\"aligncenter size-medium wp-image-1774\" src=\"https:\/\/agora.xtec.cat\/ceipgranullarius\/wp-content\/uploads\/usu769\/2020\/09\/PORTADA-300x225.jpg\" alt=\"\" width=\"300\" height=\"225\" srcset=\"https:\/\/agora.xtec.cat\/ceipgranullarius\/wp-content\/uploads\/usu769\/2020\/09\/PORTADA-300x225.jpg 300w, https:\/\/agora.xtec.cat\/ceipgranullarius\/wp-content\/uploads\/usu769\/2020\/09\/PORTADA-768x576.jpg 768w, https:\/\/agora.xtec.cat\/ceipgranullarius\/wp-content\/uploads\/usu769\/2020\/09\/PORTADA-200x150.jpg 200w, https:\/\/agora.xtec.cat\/ceipgranullarius\/wp-content\/uploads\/usu769\/2020\/09\/PORTADA.jpg 853w\" sizes=\"auto, (max-width: 300px) 100vw, 300px\" \/><\/a><\/p>\n<p style=\"text-align: center;\"><b>Promoci\u00f3 2019-2020<\/b><\/p>\n<p><span style=\"font-weight: 400;\">El dia 18 de juliol vam fer el comiat de l&#8217;alumnat de 6\u00e8. Va ser una tarda plena d&#8217;emocions!! Que tingueu molta sort a la nova etapa que comenceu!! Us trobarem molt i molt a faltar!! Us estimem!!<\/span><\/p>\n<p><span style=\"font-weight: 400;\">Moltes gr\u00e0cies fam\u00edlies de 6\u00e8 que vau organitzar un gran comiat dins de la situaci\u00f3 tan complicada que ens hi trobem. Felicitats!!<\/span><\/p>\n<p><a href=\"https:\/\/youtu.be\/ubK3_X_ymJQ\">Veure v\u00eddeo.<\/a><\/p>\n","protected":false},"excerpt":{"rendered":"<p><a href=\"https:\/\/agora.xtec.cat\/ceipgranullarius\/wp-content\/uploads\/usu769\/2020\/09\/PORTADA.jpg\"><\/a><br \/>\nPromoci\u00f3 2019-2020<br \/>\nEl dia 18 de juliol vam fer el comiat de l&#8217;alumnat de 6\u00e8. Va ser una tarda plena d&#8217;emocions!! Que tingueu molta sort a la nova etapa que comenceu!! Us trobarem molt i molt a faltar!! Us estimem!!<br \/>\nMoltes gr\u00e0cies fam\u00edlies de 6\u00e8 que&hellip;  <a href=\"https:\/\/agora.xtec.cat\/ceipgranullarius\/portada\/comiat-de-6e-families\/\" title=\"Read COMIAT DE 6\u00e8, fam\u00edlies!\">Llegeix m\u00e9s\u00bb<\/a><\/p>\n","protected":false},"author":1,"featured_media":0,"comment_status":"closed","ping_status":"closed","sticky":false,"template":"","format":"standard","meta":{"_bbp_topic_count":0,"_bbp_reply_count":0,"_bbp_total_topic_count":0,"_bbp_total_reply_count":0,"_bbp_voice_count":0,"_bbp_anonymous_reply_count":0,"_bbp_topic_count_hidden":0,"_bbp_reply_count_hidden":0,"_bbp_forum_subforum_count":0,"footnotes":""},"categories":[15,4],"tags":[],"class_list":["post-1771","post","type-post","status-publish","format-standard","hentry","category-6e","category-portada"],"post_mailing_queue_ids":[],"_links":{"self":[{"href":"https:\/\/agora.xtec.cat\/ceipgranullarius\/wp-json\/wp\/v2\/posts\/1771","targetHints":{"allow":["GET"]}}],"collection":[{"href":"https:\/\/agora.xtec.cat\/ceipgranullarius\/wp-json\/wp\/v2\/posts"}],"about":[{"href":"https:\/\/agora.xtec.cat\/ceipgranullarius\/wp-json\/wp\/v2\/types\/post"}],"author":[{"embeddable":true,"href":"https:\/\/agora.xtec.cat\/ceipgranullarius\/wp-json\/wp\/v2\/users\/1"}],"replies":[{"embeddable":true,"href":"https:\/\/agora.xtec.cat\/ceipgranullarius\/wp-json\/wp\/v2\/comments?post=1771"}],"version-history":[{"count":3,"href":"https:\/\/agora.xtec.cat\/ceipgranullarius\/wp-json\/wp\/v2\/posts\/1771\/revisions"}],"predecessor-version":[{"id":1775,"href":"https:\/\/agora.xtec.cat\/ceipgranullarius\/wp-json\/wp\/v2\/posts\/1771\/revisions\/1775"}],"wp:attachment":[{"href":"https:\/\/agora.xtec.cat\/ceipgranullarius\/wp-json\/wp\/v2\/media?parent=1771"}],"wp:term":[{"taxonomy":"category","embeddable":true,"href":"https:\/\/agora.xtec.cat\/ceipgranullarius\/wp-json\/wp\/v2\/categories?post=1771"},{"taxonomy":"post_tag","embeddable":true,"href":"https:\/\/agora.xtec.cat\/ceipgranullarius\/wp-json\/wp\/v2\/tags?post=1771"}],"curies":[{"name":"wp","href":"https:\/\/api.w.org\/{rel}","templated":true}]}}