{"id":1699,"date":"2020-06-15T18:48:05","date_gmt":"2020-06-15T16:48:05","guid":{"rendered":"http:\/\/agora.xtec.cat\/ceipgranullarius\/?p=1699"},"modified":"2020-06-15T18:48:05","modified_gmt":"2020-06-15T16:48:05","slug":"emissio-a-radio-granollers","status":"publish","type":"post","link":"https:\/\/agora.xtec.cat\/ceipgranullarius\/general\/emissio-a-radio-granollers\/","title":{"rendered":"Emissi\u00f3 a R\u00e0dio Granollers"},"content":{"rendered":"<p><a href=\"https:\/\/agora.xtec.cat\/ceipgranullarius\/wp-content\/uploads\/usu769\/2020\/06\/logo_pee_granollers_m.jpg\"><img loading=\"lazy\" decoding=\"async\" class=\"aligncenter size-full wp-image-1700\" src=\"https:\/\/agora.xtec.cat\/ceipgranullarius\/wp-content\/uploads\/usu769\/2020\/06\/logo_pee_granollers_m.jpg\" alt=\"\" width=\"200\" height=\"116\" \/><\/a><\/p>\n<p>Com a cloenda del Projecte Entorn R\u00e0dio, patrocinat per l&#8217;Ajuntament de Granollers i R\u00e0dio Granollers, els alumnes de 5\u00e8 de prim\u00e0ria van enviar a la r\u00e0dio les gravacions, aquest cop fetes a casa de forma individual, de les escalestes que ells mateixos van elaborar just abans que comenc\u00e9s el confinament.<\/p>\n<p>El passat dissabte 13 de juny es va fer l&#8217;emissi\u00f3 &#8220;en directe&#8221; i avui us portem l&#8217;enlla\u00e7 cap a la gravaci\u00f3.<\/p>\n<p>Una gran feina i un esfor\u00e7 que ha donat els seus fruits!<\/p>\n<p><a href=\"http:\/\/radiogranollers.alacarta.cat\/entornradio\/capitol\/entorn-radio---15-06-2020--escola-granullarios\">Programa &#8220;El canvi clim\u00e0tic&#8221; a R\u00e0dio Granollers.<\/a><\/p>\n","protected":false},"excerpt":{"rendered":"<p><a href=\"https:\/\/agora.xtec.cat\/ceipgranullarius\/wp-content\/uploads\/usu769\/2020\/06\/logo_pee_granollers_m.jpg\"><\/a><br \/>\nCom a cloenda del Projecte Entorn R\u00e0dio, patrocinat per l&#8217;Ajuntament de Granollers i R\u00e0dio Granollers, els alumnes de 5\u00e8 de prim\u00e0ria van enviar a la r\u00e0dio les gravacions, aquest cop fetes a casa de forma individual, de les escalestes que ells mateixos van elaborar&hellip;  <a href=\"https:\/\/agora.xtec.cat\/ceipgranullarius\/general\/emissio-a-radio-granollers\/\" title=\"Read Emissi\u00f3 a R\u00e0dio Granollers\">Llegeix m\u00e9s\u00bb<\/a><\/p>\n","protected":false},"author":1,"featured_media":1151,"comment_status":"closed","ping_status":"closed","sticky":false,"template":"","format":"standard","meta":{"_bbp_topic_count":0,"_bbp_reply_count":0,"_bbp_total_topic_count":0,"_bbp_total_reply_count":0,"_bbp_voice_count":0,"_bbp_anonymous_reply_count":0,"_bbp_topic_count_hidden":0,"_bbp_reply_count_hidden":0,"_bbp_forum_subforum_count":0,"footnotes":""},"categories":[14,1,4],"tags":[],"class_list":["post-1699","post","type-post","status-publish","format-standard","has-post-thumbnail","hentry","category-5e","category-general","category-portada"],"post_mailing_queue_ids":[],"_links":{"self":[{"href":"https:\/\/agora.xtec.cat\/ceipgranullarius\/wp-json\/wp\/v2\/posts\/1699","targetHints":{"allow":["GET"]}}],"collection":[{"href":"https:\/\/agora.xtec.cat\/ceipgranullarius\/wp-json\/wp\/v2\/posts"}],"about":[{"href":"https:\/\/agora.xtec.cat\/ceipgranullarius\/wp-json\/wp\/v2\/types\/post"}],"author":[{"embeddable":true,"href":"https:\/\/agora.xtec.cat\/ceipgranullarius\/wp-json\/wp\/v2\/users\/1"}],"replies":[{"embeddable":true,"href":"https:\/\/agora.xtec.cat\/ceipgranullarius\/wp-json\/wp\/v2\/comments?post=1699"}],"version-history":[{"count":1,"href":"https:\/\/agora.xtec.cat\/ceipgranullarius\/wp-json\/wp\/v2\/posts\/1699\/revisions"}],"predecessor-version":[{"id":1701,"href":"https:\/\/agora.xtec.cat\/ceipgranullarius\/wp-json\/wp\/v2\/posts\/1699\/revisions\/1701"}],"wp:featuredmedia":[{"embeddable":true,"href":"https:\/\/agora.xtec.cat\/ceipgranullarius\/wp-json\/wp\/v2\/media\/1151"}],"wp:attachment":[{"href":"https:\/\/agora.xtec.cat\/ceipgranullarius\/wp-json\/wp\/v2\/media?parent=1699"}],"wp:term":[{"taxonomy":"category","embeddable":true,"href":"https:\/\/agora.xtec.cat\/ceipgranullarius\/wp-json\/wp\/v2\/categories?post=1699"},{"taxonomy":"post_tag","embeddable":true,"href":"https:\/\/agora.xtec.cat\/ceipgranullarius\/wp-json\/wp\/v2\/tags?post=1699"}],"curies":[{"name":"wp","href":"https:\/\/api.w.org\/{rel}","templated":true}]}}