{"id":1671,"date":"2020-05-08T11:17:47","date_gmt":"2020-05-08T09:17:47","guid":{"rendered":"http:\/\/agora.xtec.cat\/ceipgranullarius\/?p=1671"},"modified":"2020-05-08T11:17:47","modified_gmt":"2020-05-08T09:17:47","slug":"totgranullariusesquedaacasa","status":"publish","type":"post","link":"https:\/\/agora.xtec.cat\/ceipgranullarius\/educacio-infantil\/totgranullariusesquedaacasa\/","title":{"rendered":"#totgranullariusesquedaacasa"},"content":{"rendered":"<p style=\"text-align: center;\"><strong>TOT GRANULLARIUS ES QUEDA A CASA<\/strong><\/p>\n<p>Els nens i les nenes ens estan enviats els seus dibuixos amb el hashtag #totgranullariusesquedaacasa<\/p>\n<p>Quins dibuixos m\u00e9s creatius i fant\u00e0stics !!!<\/p>\n<p>Nens i nenes esteu fets uns artistes!!<\/p>\n<p><img loading=\"lazy\" decoding=\"async\" class=\"aligncenter size-medium wp-image-1578\" src=\"https:\/\/agora.xtec.cat\/ceipgranullarius\/wp-content\/uploads\/usu769\/2020\/03\/1.-PORTADA-2-e1585730696110-300x169.jpg\" alt=\"\" width=\"300\" height=\"169\" srcset=\"https:\/\/agora.xtec.cat\/ceipgranullarius\/wp-content\/uploads\/usu769\/2020\/03\/1.-PORTADA-2-e1585730696110-300x169.jpg 300w, https:\/\/agora.xtec.cat\/ceipgranullarius\/wp-content\/uploads\/usu769\/2020\/03\/1.-PORTADA-2-e1585730696110-768x432.jpg 768w, https:\/\/agora.xtec.cat\/ceipgranullarius\/wp-content\/uploads\/usu769\/2020\/03\/1.-PORTADA-2-e1585730696110-1024x576.jpg 1024w\" sizes=\"auto, (max-width: 300px) 100vw, 300px\" \/>\u200b<\/p>\n<table class=\" aligncenter\" style=\"width: 739px;\">\n<tbody>\n<tr style=\"height: 108px;\">\n<td style=\"height: 108px; width: 139.333px;\"><img loading=\"lazy\" decoding=\"async\" class=\"wp-image-1523 aligncenter\" src=\"https:\/\/agora.xtec.cat\/ceipgranullarius\/wp-content\/uploads\/usu769\/2020\/03\/1.-PORTADA-Aina-Ma\u00f1as-P3A-300x213.jpg\" alt=\"\" width=\"128\" height=\"91\" srcset=\"https:\/\/agora.xtec.cat\/ceipgranullarius\/wp-content\/uploads\/usu769\/2020\/03\/1.-PORTADA-Aina-Ma\u00f1as-P3A-300x213.jpg 300w, https:\/\/agora.xtec.cat\/ceipgranullarius\/wp-content\/uploads\/usu769\/2020\/03\/1.-PORTADA-Aina-Ma\u00f1as-P3A-768x545.jpg 768w, https:\/\/agora.xtec.cat\/ceipgranullarius\/wp-content\/uploads\/usu769\/2020\/03\/1.-PORTADA-Aina-Ma\u00f1as-P3A-1024x727.jpg 1024w, https:\/\/agora.xtec.cat\/ceipgranullarius\/wp-content\/uploads\/usu769\/2020\/03\/1.-PORTADA-Aina-Ma\u00f1as-P3A.jpg 1728w\" sizes=\"auto, (max-width: 128px) 100vw, 128px\" \/><\/td>\n<td style=\"height: 108px; width: 141px;\"><a href=\"https:\/\/photos.app.goo.gl\/hZM4HtEJx2MaiLDr5\">M\u00e9s dibuixos<\/a><\/td>\n<td style=\"width: 448.667px;\">\n<p style=\"text-align: left;\">Aquest divendres 20 de mar\u00e7 els nens i les nenes del Granullarius ja han comen\u00e7at a enviar-nos els seus dibuixos.<\/p>\n<p style=\"text-align: left;\">Mireu quins dibuixos m\u00e9s ben fets!!! Endavant artistes!!<\/p>\n<\/td>\n<\/tr>\n<tr style=\"height: 123px;\">\n<td style=\"height: 123px; width: 139.333px;\"><a href=\"https:\/\/agora.xtec.cat\/ceipgranullarius\/wp-content\/uploads\/usu769\/2020\/03\/1.-PORTADA-2nA-Carla-G\u00f3mez.jpeg\"><img loading=\"lazy\" decoding=\"async\" class=\"wp-image-1524 aligncenter\" src=\"https:\/\/agora.xtec.cat\/ceipgranullarius\/wp-content\/uploads\/usu769\/2020\/03\/1.-PORTADA-2nA-Carla-G\u00f3mez-300x225.jpeg\" alt=\"\" width=\"120\" height=\"90\" srcset=\"https:\/\/agora.xtec.cat\/ceipgranullarius\/wp-content\/uploads\/usu769\/2020\/03\/1.-PORTADA-2nA-Carla-G\u00f3mez-300x225.jpeg 300w, https:\/\/agora.xtec.cat\/ceipgranullarius\/wp-content\/uploads\/usu769\/2020\/03\/1.-PORTADA-2nA-Carla-G\u00f3mez-200x150.jpeg 200w, https:\/\/agora.xtec.cat\/ceipgranullarius\/wp-content\/uploads\/usu769\/2020\/03\/1.-PORTADA-2nA-Carla-G\u00f3mez.jpeg 640w\" sizes=\"auto, (max-width: 120px) 100vw, 120px\" \/><\/a><\/td>\n<td style=\"height: 123px; width: 141px;\"><a href=\"https:\/\/photos.app.goo.gl\/vNvtJS5FtLk8f9M68\">M\u00e9s dibuixos<\/a><\/td>\n<td style=\"width: 448.667px; text-align: left;\">Ens han arribat m\u00e9s dibuixos!!<\/p>\n<p>Els nens i les nenes del Granullarius ho estan fent molt b\u00e9!! Ens hem de quedar a casa!!<\/td>\n<\/tr>\n<tr style=\"height: 33px;\">\n<td style=\"height: 33px; width: 139.333px;\"><a href=\"https:\/\/agora.xtec.cat\/ceipgranullarius\/wp-content\/uploads\/usu769\/2020\/03\/1.-PORTADA-1rA-Valentina-Torruella.jpg\"><img loading=\"lazy\" decoding=\"async\" class=\"aligncenter size-medium wp-image-1525\" src=\"https:\/\/agora.xtec.cat\/ceipgranullarius\/wp-content\/uploads\/usu769\/2020\/03\/1.-PORTADA-1rA-Valentina-Torruella-300x210.jpg\" alt=\"\" width=\"300\" height=\"210\" srcset=\"https:\/\/agora.xtec.cat\/ceipgranullarius\/wp-content\/uploads\/usu769\/2020\/03\/1.-PORTADA-1rA-Valentina-Torruella-300x210.jpg 300w, https:\/\/agora.xtec.cat\/ceipgranullarius\/wp-content\/uploads\/usu769\/2020\/03\/1.-PORTADA-1rA-Valentina-Torruella-768x537.jpg 768w, https:\/\/agora.xtec.cat\/ceipgranullarius\/wp-content\/uploads\/usu769\/2020\/03\/1.-PORTADA-1rA-Valentina-Torruella-1024x716.jpg 1024w\" sizes=\"auto, (max-width: 300px) 100vw, 300px\" \/><\/a><\/td>\n<td style=\"height: 33px; width: 141px;\"><a href=\"https:\/\/photos.app.goo.gl\/k8zUjQn55CWH8za5A\">M\u00e9s dibuixos<\/a><\/td>\n<td style=\"width: 448.667px; text-align: left;\">El diumenge 22 de mar\u00e7, els nens i les nenes del Granullarius ens van enviar tots aquests dibuixos tan bonics!!!<\/p>\n<p>Tots i totes esteu fent molt b\u00e9 i us esteu quedant a casa!!<\/p>\n<p>Endavant artistes!!<\/td>\n<\/tr>\n<tr>\n<td style=\"width: 139.333px;\"><a href=\"https:\/\/agora.xtec.cat\/ceipgranullarius\/wp-content\/uploads\/usu769\/2020\/03\/1.-PORTADA-600-x-449.jpg\"><img loading=\"lazy\" decoding=\"async\" class=\"aligncenter size-medium wp-image-1531\" src=\"https:\/\/agora.xtec.cat\/ceipgranullarius\/wp-content\/uploads\/usu769\/2020\/03\/1.-PORTADA-600-x-449-300x225.jpg\" alt=\"\" width=\"300\" height=\"225\" srcset=\"https:\/\/agora.xtec.cat\/ceipgranullarius\/wp-content\/uploads\/usu769\/2020\/03\/1.-PORTADA-600-x-449-300x225.jpg 300w, https:\/\/agora.xtec.cat\/ceipgranullarius\/wp-content\/uploads\/usu769\/2020\/03\/1.-PORTADA-600-x-449-200x150.jpg 200w, https:\/\/agora.xtec.cat\/ceipgranullarius\/wp-content\/uploads\/usu769\/2020\/03\/1.-PORTADA-600-x-449.jpg 600w\" sizes=\"auto, (max-width: 300px) 100vw, 300px\" \/><\/a><\/td>\n<td style=\"width: 141px;\"><a href=\"https:\/\/photos.app.goo.gl\/kj5KEHCBvQT75yER6\">M\u00e9s dibuixos<\/a><\/td>\n<td style=\"width: 448.667px; text-align: left;\"><span style=\"font-weight: 400;\">El dilluns 23 de mar\u00e7 els nens i les nenes del Granullarius ens van enviar aquests dibuixos tan fant\u00e0stics!!<\/span><\/p>\n<p><span style=\"font-weight: 400;\">Sou uns artistes!!<\/span><\/td>\n<\/tr>\n<tr>\n<td style=\"width: 139.333px;\"><a href=\"https:\/\/agora.xtec.cat\/ceipgranullarius\/wp-content\/uploads\/usu769\/2020\/03\/Sin-t\u00edtulo.jpg\"><img loading=\"lazy\" decoding=\"async\" class=\"aligncenter size-medium wp-image-1529\" src=\"https:\/\/agora.xtec.cat\/ceipgranullarius\/wp-content\/uploads\/usu769\/2020\/03\/Sin-t\u00edtulo-298x300.jpg\" alt=\"\" width=\"298\" height=\"300\" srcset=\"https:\/\/agora.xtec.cat\/ceipgranullarius\/wp-content\/uploads\/usu769\/2020\/03\/Sin-t\u00edtulo-298x300.jpg 298w, https:\/\/agora.xtec.cat\/ceipgranullarius\/wp-content\/uploads\/usu769\/2020\/03\/Sin-t\u00edtulo-150x150.jpg 150w, https:\/\/agora.xtec.cat\/ceipgranullarius\/wp-content\/uploads\/usu769\/2020\/03\/Sin-t\u00edtulo-768x774.jpg 768w, https:\/\/agora.xtec.cat\/ceipgranullarius\/wp-content\/uploads\/usu769\/2020\/03\/Sin-t\u00edtulo-1016x1024.jpg 1016w, https:\/\/agora.xtec.cat\/ceipgranullarius\/wp-content\/uploads\/usu769\/2020\/03\/Sin-t\u00edtulo.jpg 1459w\" sizes=\"auto, (max-width: 298px) 100vw, 298px\" \/><\/a><\/td>\n<td style=\"width: 141px;\"><a href=\"https:\/\/photos.app.goo.gl\/G7BsxMV4ADPAruiv6\">V\u00eddeos<\/a><\/td>\n<td style=\"width: 448.667px; text-align: left;\">\n<p style=\"text-align: left;\">Els nens i les nenes de la nostra escola ens estan enviant v\u00eddeos i veieu que b\u00e9 que ho fan!!!<\/p>\n<\/td>\n<\/tr>\n<tr>\n<td style=\"width: 139.333px;\"><a href=\"https:\/\/agora.xtec.cat\/ceipgranullarius\/wp-content\/uploads\/usu769\/2020\/03\/1-PORTADA-600-x-450.jpg\"><img loading=\"lazy\" decoding=\"async\" class=\"aligncenter size-medium wp-image-1539\" src=\"https:\/\/agora.xtec.cat\/ceipgranullarius\/wp-content\/uploads\/usu769\/2020\/03\/1-PORTADA-600-x-450-300x225.jpg\" alt=\"\" width=\"300\" height=\"225\" srcset=\"https:\/\/agora.xtec.cat\/ceipgranullarius\/wp-content\/uploads\/usu769\/2020\/03\/1-PORTADA-600-x-450-300x225.jpg 300w, https:\/\/agora.xtec.cat\/ceipgranullarius\/wp-content\/uploads\/usu769\/2020\/03\/1-PORTADA-600-x-450-200x150.jpg 200w, https:\/\/agora.xtec.cat\/ceipgranullarius\/wp-content\/uploads\/usu769\/2020\/03\/1-PORTADA-600-x-450.jpg 600w\" sizes=\"auto, (max-width: 300px) 100vw, 300px\" \/><\/a><\/td>\n<td style=\"width: 141px;\"><a href=\"https:\/\/photos.app.goo.gl\/bHfsFhnDAa6NYtY18\">M\u00e9s dibuixos<\/a><\/td>\n<td style=\"width: 448.667px; text-align: left;\">El dimarts 24 de mar\u00e7 els nens i les nenes de l\u2019escola van enviar aquests dibuixos tan creatius i plens d\u2019optimisme!!\u00a0 Sou uns artistes!!<\/td>\n<\/tr>\n<tr>\n<td style=\"width: 139.333px;\"><a href=\"https:\/\/agora.xtec.cat\/ceipgranullarius\/wp-content\/uploads\/usu769\/2020\/03\/1.-PORTADA-600-x-431.jpg\"><img loading=\"lazy\" decoding=\"async\" class=\"aligncenter size-medium wp-image-1542\" src=\"https:\/\/agora.xtec.cat\/ceipgranullarius\/wp-content\/uploads\/usu769\/2020\/03\/1.-PORTADA-600-x-431-300x216.jpg\" alt=\"\" width=\"300\" height=\"216\" srcset=\"https:\/\/agora.xtec.cat\/ceipgranullarius\/wp-content\/uploads\/usu769\/2020\/03\/1.-PORTADA-600-x-431-300x216.jpg 300w, https:\/\/agora.xtec.cat\/ceipgranullarius\/wp-content\/uploads\/usu769\/2020\/03\/1.-PORTADA-600-x-431.jpg 600w\" sizes=\"auto, (max-width: 300px) 100vw, 300px\" \/><\/a><\/td>\n<td style=\"width: 141px;\"><a href=\"https:\/\/photos.app.goo.gl\/PsxCRkZgSegi3LBV6\">M\u00e9s dibuixos<\/a><\/td>\n<td style=\"width: 448.667px; text-align: left;\">El dimecres 25 de mar\u00e7, mireu quins dibuixos i quins treballs manuals m\u00e9s fant\u00e0stics han enviat els nens i les nenes del Granullarius!!!\u00a0 Endavant artistes!!<\/td>\n<\/tr>\n<tr>\n<td style=\"width: 139.333px;\"><a href=\"https:\/\/agora.xtec.cat\/ceipgranullarius\/wp-content\/uploads\/usu769\/2020\/03\/1.-PORTADA-600-x-450.jpg\"><img loading=\"lazy\" decoding=\"async\" class=\"aligncenter size-medium wp-image-1557\" src=\"https:\/\/agora.xtec.cat\/ceipgranullarius\/wp-content\/uploads\/usu769\/2020\/03\/1.-PORTADA-600-x-450-300x225.jpg\" alt=\"\" width=\"300\" height=\"225\" srcset=\"https:\/\/agora.xtec.cat\/ceipgranullarius\/wp-content\/uploads\/usu769\/2020\/03\/1.-PORTADA-600-x-450-300x225.jpg 300w, https:\/\/agora.xtec.cat\/ceipgranullarius\/wp-content\/uploads\/usu769\/2020\/03\/1.-PORTADA-600-x-450-200x150.jpg 200w, https:\/\/agora.xtec.cat\/ceipgranullarius\/wp-content\/uploads\/usu769\/2020\/03\/1.-PORTADA-600-x-450.jpg 600w\" sizes=\"auto, (max-width: 300px) 100vw, 300px\" \/><\/a><\/td>\n<td style=\"width: 141px;\"><a href=\"https:\/\/photos.app.goo.gl\/ihdify6bDbD7b6P97\">M\u00e9s dibuixos<\/a><\/td>\n<td style=\"width: 448.667px; text-align: left;\">Dijous 26 de mar\u00e7.<\/p>\n<p>Els nens i les nenes del Granullarius continuen enviant-nos molts dibuixos!! Endavant artistes!!<\/td>\n<\/tr>\n<tr>\n<td style=\"width: 139.333px;\"><a href=\"https:\/\/agora.xtec.cat\/ceipgranullarius\/wp-content\/uploads\/usu769\/2020\/03\/1.-PORTADA-2-e1585730696110.jpg\"><img loading=\"lazy\" decoding=\"async\" class=\"aligncenter size-medium wp-image-1578\" src=\"https:\/\/agora.xtec.cat\/ceipgranullarius\/wp-content\/uploads\/usu769\/2020\/03\/1.-PORTADA-2-e1585730696110-300x169.jpg\" alt=\"\" width=\"300\" height=\"169\" srcset=\"https:\/\/agora.xtec.cat\/ceipgranullarius\/wp-content\/uploads\/usu769\/2020\/03\/1.-PORTADA-2-e1585730696110-300x169.jpg 300w, https:\/\/agora.xtec.cat\/ceipgranullarius\/wp-content\/uploads\/usu769\/2020\/03\/1.-PORTADA-2-e1585730696110-768x432.jpg 768w, https:\/\/agora.xtec.cat\/ceipgranullarius\/wp-content\/uploads\/usu769\/2020\/03\/1.-PORTADA-2-e1585730696110-1024x576.jpg 1024w\" sizes=\"auto, (max-width: 300px) 100vw, 300px\" \/><\/a><\/td>\n<td style=\"width: 141px;\"><a href=\"https:\/\/photos.app.goo.gl\/MTfossyvM3KtnQ3p8\">M\u00e9s dibuixos<\/a><\/td>\n<td style=\"width: 448.667px; text-align: left;\">El divendres 27 de mar\u00e7, els nens i les nens de l\u2019escola ens han enviat m\u00e9s dibuixos!! Felicitats artistes!!<\/td>\n<\/tr>\n<tr>\n<td style=\"width: 139.333px;\"><a href=\"https:\/\/agora.xtec.cat\/ceipgranullarius\/wp-content\/uploads\/usu769\/2020\/04\/2nA-Ariadna-Aguilar-.jpg\"><img loading=\"lazy\" decoding=\"async\" class=\"aligncenter size-medium wp-image-1586\" src=\"https:\/\/agora.xtec.cat\/ceipgranullarius\/wp-content\/uploads\/usu769\/2020\/04\/2nA-Ariadna-Aguilar--225x300.jpg\" alt=\"\" width=\"225\" height=\"300\" srcset=\"https:\/\/agora.xtec.cat\/ceipgranullarius\/wp-content\/uploads\/usu769\/2020\/04\/2nA-Ariadna-Aguilar--225x300.jpg 225w, https:\/\/agora.xtec.cat\/ceipgranullarius\/wp-content\/uploads\/usu769\/2020\/04\/2nA-Ariadna-Aguilar--768x1024.jpg 768w, https:\/\/agora.xtec.cat\/ceipgranullarius\/wp-content\/uploads\/usu769\/2020\/04\/2nA-Ariadna-Aguilar-.jpg 1200w\" sizes=\"auto, (max-width: 225px) 100vw, 225px\" \/><\/a><\/td>\n<td style=\"width: 141px;\"><a href=\"https:\/\/photos.app.goo.gl\/TWRoPMNQGazCAZMg7\">M\u00e9s dibuixos<\/a><\/td>\n<td style=\"width: 448.667px; text-align: left;\">Els nens i les nenes de l\u2019escola ens estan enviant molts dibuixos en aquest dies. Aquests s\u00f3n del dilluns 30 de mar\u00e7.<\/p>\n<p>Felicitats artistes!!<\/td>\n<\/tr>\n<tr>\n<td style=\"width: 139.333px;\"><a href=\"https:\/\/agora.xtec.cat\/ceipgranullarius\/wp-content\/uploads\/usu769\/2020\/04\/1.-PORTADA-600-x-450.jpg\"><img loading=\"lazy\" decoding=\"async\" class=\"aligncenter size-medium wp-image-1605\" src=\"https:\/\/agora.xtec.cat\/ceipgranullarius\/wp-content\/uploads\/usu769\/2020\/04\/1.-PORTADA-600-x-450-300x225.jpg\" alt=\"\" width=\"300\" height=\"225\" srcset=\"https:\/\/agora.xtec.cat\/ceipgranullarius\/wp-content\/uploads\/usu769\/2020\/04\/1.-PORTADA-600-x-450-300x225.jpg 300w, https:\/\/agora.xtec.cat\/ceipgranullarius\/wp-content\/uploads\/usu769\/2020\/04\/1.-PORTADA-600-x-450-200x150.jpg 200w, https:\/\/agora.xtec.cat\/ceipgranullarius\/wp-content\/uploads\/usu769\/2020\/04\/1.-PORTADA-600-x-450.jpg 600w\" sizes=\"auto, (max-width: 300px) 100vw, 300px\" \/><\/a><\/td>\n<td style=\"width: 141px;\"><a href=\"https:\/\/photos.app.goo.gl\/QPECKxWcrCT4Ui2VA\">M\u00e9s dibuixos<\/a><\/td>\n<td style=\"width: 448.667px; text-align: left;\">Dijous 2 d\u2019abril.<\/p>\n<p>Mireu quins dibuixos tan creatius ens estan enviant els nens i les nenes de l\u2019escola.<\/p>\n<p>Felicitats artistes!!<\/td>\n<\/tr>\n<tr>\n<td style=\"width: 139.333px;\"><a href=\"https:\/\/agora.xtec.cat\/ceipgranullarius\/wp-content\/uploads\/usu769\/2020\/04\/P5B-Elsa-Hernandez.jpeg\"><img loading=\"lazy\" decoding=\"async\" class=\"aligncenter size-medium wp-image-1630\" src=\"https:\/\/agora.xtec.cat\/ceipgranullarius\/wp-content\/uploads\/usu769\/2020\/04\/P5B-Elsa-Hernandez-300x236.jpeg\" alt=\"\" width=\"300\" height=\"236\" srcset=\"https:\/\/agora.xtec.cat\/ceipgranullarius\/wp-content\/uploads\/usu769\/2020\/04\/P5B-Elsa-Hernandez-300x236.jpeg 300w, https:\/\/agora.xtec.cat\/ceipgranullarius\/wp-content\/uploads\/usu769\/2020\/04\/P5B-Elsa-Hernandez-768x605.jpeg 768w, https:\/\/agora.xtec.cat\/ceipgranullarius\/wp-content\/uploads\/usu769\/2020\/04\/P5B-Elsa-Hernandez-1024x807.jpeg 1024w\" sizes=\"auto, (max-width: 300px) 100vw, 300px\" \/><\/a><\/td>\n<td style=\"width: 141px;\"><a href=\"https:\/\/photos.app.goo.gl\/fQo8Paexg3WLxStS7\">M\u00e9s dibuixos<\/a><\/td>\n<td style=\"width: 448.667px; text-align: left;\">Dimarts 7 d&#8217;abril.<\/td>\n<\/tr>\n<tr>\n<td style=\"width: 139.333px;\"><a href=\"https:\/\/agora.xtec.cat\/ceipgranullarius\/wp-content\/uploads\/usu769\/2020\/05\/1.PORTADA.jpg\"><img loading=\"lazy\" decoding=\"async\" class=\"aligncenter size-medium wp-image-1658\" src=\"https:\/\/agora.xtec.cat\/ceipgranullarius\/wp-content\/uploads\/usu769\/2020\/05\/1.PORTADA-300x225.jpg\" alt=\"\" width=\"300\" height=\"225\" srcset=\"https:\/\/agora.xtec.cat\/ceipgranullarius\/wp-content\/uploads\/usu769\/2020\/05\/1.PORTADA-300x225.jpg 300w, https:\/\/agora.xtec.cat\/ceipgranullarius\/wp-content\/uploads\/usu769\/2020\/05\/1.PORTADA-768x576.jpg 768w, https:\/\/agora.xtec.cat\/ceipgranullarius\/wp-content\/uploads\/usu769\/2020\/05\/1.PORTADA-1024x768.jpg 1024w, https:\/\/agora.xtec.cat\/ceipgranullarius\/wp-content\/uploads\/usu769\/2020\/05\/1.PORTADA-200x150.jpg 200w\" sizes=\"auto, (max-width: 300px) 100vw, 300px\" \/><\/a><\/td>\n<td style=\"width: 141px;\"><a href=\"https:\/\/photos.app.goo.gl\/t8ucir4r3e2KPMedA\">M\u00e9s dibuixos<\/a><\/td>\n<td style=\"width: 448.667px; text-align: left;\">Dijous 5 de maig<\/p>\n<p>Mireu quins dibuixos tan bonics han enviat els nens i les nenes de l\u2019escola.<\/td>\n<\/tr>\n<\/tbody>\n<\/table>\n","protected":false},"excerpt":{"rendered":"<p>TOT GRANULLARIUS ES QUEDA A CASA<br \/>\nEls nens i les nenes ens estan enviats els seus dibuixos amb el hashtag #totgranullariusesquedaacasa<br \/>\nQuins dibuixos m\u00e9s creatius i fant\u00e0stics !!!<br \/>\nNens i nenes esteu fets uns artistes!!<br \/>\n\u200b<\/p>\n<p><a href=\"https:\/\/photos.app.goo.gl\/hZM4HtEJx2MaiLDr5\">M\u00e9s dibuixos<\/a><\/p>\n<p>Aquest divendres 20 de mar\u00e7 els nens i les nenes del Granullarius&hellip;  <a href=\"https:\/\/agora.xtec.cat\/ceipgranullarius\/educacio-infantil\/totgranullariusesquedaacasa\/\" title=\"Read #totgranullariusesquedaacasa\">Llegeix m\u00e9s\u00bb<\/a><\/p>\n","protected":false},"author":1,"featured_media":1151,"comment_status":"closed","ping_status":"closed","sticky":false,"template":"","format":"standard","meta":{"_bbp_topic_count":0,"_bbp_reply_count":0,"_bbp_total_topic_count":0,"_bbp_total_reply_count":0,"_bbp_voice_count":0,"_bbp_anonymous_reply_count":0,"_bbp_topic_count_hidden":0,"_bbp_reply_count_hidden":0,"_bbp_forum_subforum_count":0,"footnotes":""},"categories":[2,4],"tags":[],"class_list":["post-1671","post","type-post","status-publish","format-standard","has-post-thumbnail","hentry","category-educacio-infantil","category-portada"],"post_mailing_queue_ids":[],"_links":{"self":[{"href":"https:\/\/agora.xtec.cat\/ceipgranullarius\/wp-json\/wp\/v2\/posts\/1671","targetHints":{"allow":["GET"]}}],"collection":[{"href":"https:\/\/agora.xtec.cat\/ceipgranullarius\/wp-json\/wp\/v2\/posts"}],"about":[{"href":"https:\/\/agora.xtec.cat\/ceipgranullarius\/wp-json\/wp\/v2\/types\/post"}],"author":[{"embeddable":true,"href":"https:\/\/agora.xtec.cat\/ceipgranullarius\/wp-json\/wp\/v2\/users\/1"}],"replies":[{"embeddable":true,"href":"https:\/\/agora.xtec.cat\/ceipgranullarius\/wp-json\/wp\/v2\/comments?post=1671"}],"version-history":[{"count":1,"href":"https:\/\/agora.xtec.cat\/ceipgranullarius\/wp-json\/wp\/v2\/posts\/1671\/revisions"}],"predecessor-version":[{"id":1672,"href":"https:\/\/agora.xtec.cat\/ceipgranullarius\/wp-json\/wp\/v2\/posts\/1671\/revisions\/1672"}],"wp:featuredmedia":[{"embeddable":true,"href":"https:\/\/agora.xtec.cat\/ceipgranullarius\/wp-json\/wp\/v2\/media\/1151"}],"wp:attachment":[{"href":"https:\/\/agora.xtec.cat\/ceipgranullarius\/wp-json\/wp\/v2\/media?parent=1671"}],"wp:term":[{"taxonomy":"category","embeddable":true,"href":"https:\/\/agora.xtec.cat\/ceipgranullarius\/wp-json\/wp\/v2\/categories?post=1671"},{"taxonomy":"post_tag","embeddable":true,"href":"https:\/\/agora.xtec.cat\/ceipgranullarius\/wp-json\/wp\/v2\/tags?post=1671"}],"curies":[{"name":"wp","href":"https:\/\/api.w.org\/{rel}","templated":true}]}}