{"id":1651,"date":"2020-04-09T12:52:27","date_gmt":"2020-04-09T10:52:27","guid":{"rendered":"http:\/\/agora.xtec.cat\/ceipgranullarius\/?p=1651"},"modified":"2020-05-06T11:33:59","modified_gmt":"2020-05-06T09:33:59","slug":"activitat-fisica-a-casa","status":"publish","type":"post","link":"https:\/\/agora.xtec.cat\/ceipgranullarius\/portada\/activitat-fisica-a-casa\/","title":{"rendered":"ACTIVITAT F\u00cdSICA A CASA"},"content":{"rendered":"<p style=\"text-align: center;\"><a href=\"https:\/\/agora.xtec.cat\/ceipgranullarius\/wp-content\/uploads\/usu769\/2020\/04\/1.-PORTADA-.jpg\"><img loading=\"lazy\" decoding=\"async\" class=\"aligncenter size-medium wp-image-1652\" src=\"https:\/\/agora.xtec.cat\/ceipgranullarius\/wp-content\/uploads\/usu769\/2020\/04\/1.-PORTADA--300x162.jpg\" alt=\"\" width=\"300\" height=\"162\" srcset=\"https:\/\/agora.xtec.cat\/ceipgranullarius\/wp-content\/uploads\/usu769\/2020\/04\/1.-PORTADA--300x162.jpg 300w, https:\/\/agora.xtec.cat\/ceipgranullarius\/wp-content\/uploads\/usu769\/2020\/04\/1.-PORTADA--768x415.jpg 768w, https:\/\/agora.xtec.cat\/ceipgranullarius\/wp-content\/uploads\/usu769\/2020\/04\/1.-PORTADA-.jpg 798w\" sizes=\"auto, (max-width: 300px) 100vw, 300px\" \/><\/a><\/p>\n<p>#totgranullariusesquedaacasa<\/p>\n<p>Els nens i les nenes de 3r, 4t, 5\u00e8 i 6\u00e8 estan fent moltes activitats d\u2019educaci\u00f3 f\u00edsica. Ens han enviat els seus v\u00eddeos!! Ho esteu fent molt b\u00e9!! Felicitats!!<\/p>\n<p><a href=\"https:\/\/photos.app.goo.gl\/fF3r2ysFQiF2k1Yn7\">\u00c0lbum de fotos i v\u00eddeos.<\/a><\/p>\n<p><a href=\"https:\/\/photos.app.goo.gl\/g3u7ykiCsFPQwFJg7\">Segona part.<\/a><\/p>\n<p>&nbsp;<\/p>\n","protected":false},"excerpt":{"rendered":"<p><a href=\"https:\/\/agora.xtec.cat\/ceipgranullarius\/wp-content\/uploads\/usu769\/2020\/04\/1.-PORTADA-.jpg\"><\/a><br \/>\n#totgranullariusesquedaacasa<br \/>\nEls nens i les nenes de 3r, 4t, 5\u00e8 i 6\u00e8 estan fent moltes activitats d\u2019educaci\u00f3 f\u00edsica. Ens han enviat els seus v\u00eddeos!! Ho esteu fent molt b\u00e9!! Felicitats!!<br \/>\n<a href=\"https:\/\/photos.app.goo.gl\/fF3r2ysFQiF2k1Yn7\">\u00c0lbum de fotos i v\u00eddeos.<\/a><br \/>\n<a href=\"https:\/\/photos.app.goo.gl\/g3u7ykiCsFPQwFJg7\">Segona part.<\/a><br \/>\n&nbsp;<\/p>\n","protected":false},"author":1,"featured_media":1151,"comment_status":"closed","ping_status":"closed","sticky":false,"template":"","format":"standard","meta":{"_bbp_topic_count":0,"_bbp_reply_count":0,"_bbp_total_topic_count":0,"_bbp_total_reply_count":0,"_bbp_voice_count":0,"_bbp_anonymous_reply_count":0,"_bbp_topic_count_hidden":0,"_bbp_reply_count_hidden":0,"_bbp_forum_subforum_count":0,"footnotes":""},"categories":[4],"tags":[],"class_list":["post-1651","post","type-post","status-publish","format-standard","has-post-thumbnail","hentry","category-portada"],"post_mailing_queue_ids":[],"_links":{"self":[{"href":"https:\/\/agora.xtec.cat\/ceipgranullarius\/wp-json\/wp\/v2\/posts\/1651","targetHints":{"allow":["GET"]}}],"collection":[{"href":"https:\/\/agora.xtec.cat\/ceipgranullarius\/wp-json\/wp\/v2\/posts"}],"about":[{"href":"https:\/\/agora.xtec.cat\/ceipgranullarius\/wp-json\/wp\/v2\/types\/post"}],"author":[{"embeddable":true,"href":"https:\/\/agora.xtec.cat\/ceipgranullarius\/wp-json\/wp\/v2\/users\/1"}],"replies":[{"embeddable":true,"href":"https:\/\/agora.xtec.cat\/ceipgranullarius\/wp-json\/wp\/v2\/comments?post=1651"}],"version-history":[{"count":3,"href":"https:\/\/agora.xtec.cat\/ceipgranullarius\/wp-json\/wp\/v2\/posts\/1651\/revisions"}],"predecessor-version":[{"id":1666,"href":"https:\/\/agora.xtec.cat\/ceipgranullarius\/wp-json\/wp\/v2\/posts\/1651\/revisions\/1666"}],"wp:featuredmedia":[{"embeddable":true,"href":"https:\/\/agora.xtec.cat\/ceipgranullarius\/wp-json\/wp\/v2\/media\/1151"}],"wp:attachment":[{"href":"https:\/\/agora.xtec.cat\/ceipgranullarius\/wp-json\/wp\/v2\/media?parent=1651"}],"wp:term":[{"taxonomy":"category","embeddable":true,"href":"https:\/\/agora.xtec.cat\/ceipgranullarius\/wp-json\/wp\/v2\/categories?post=1651"},{"taxonomy":"post_tag","embeddable":true,"href":"https:\/\/agora.xtec.cat\/ceipgranullarius\/wp-json\/wp\/v2\/tags?post=1651"}],"curies":[{"name":"wp","href":"https:\/\/api.w.org\/{rel}","templated":true}]}}