{"id":1645,"date":"2020-04-09T12:43:48","date_gmt":"2020-04-09T10:43:48","guid":{"rendered":"http:\/\/agora.xtec.cat\/ceipgranullarius\/?p=1645"},"modified":"2020-04-09T12:43:48","modified_gmt":"2020-04-09T10:43:48","slug":"musica-a-casa-2","status":"publish","type":"post","link":"https:\/\/agora.xtec.cat\/ceipgranullarius\/educacio-infantil\/musica-a-casa-2\/","title":{"rendered":"M\u00daSICA A CASA"},"content":{"rendered":"<p><a href=\"https:\/\/agora.xtec.cat\/ceipgranullarius\/wp-content\/uploads\/usu769\/2020\/04\/1.-PORTADA-5.jpg\"><img loading=\"lazy\" decoding=\"async\" class=\"size-medium wp-image-1646\" src=\"https:\/\/agora.xtec.cat\/ceipgranullarius\/wp-content\/uploads\/usu769\/2020\/04\/1.-PORTADA-5-300x300.jpg\" alt=\"\" width=\"300\" height=\"300\" srcset=\"https:\/\/agora.xtec.cat\/ceipgranullarius\/wp-content\/uploads\/usu769\/2020\/04\/1.-PORTADA-5-300x300.jpg 300w, https:\/\/agora.xtec.cat\/ceipgranullarius\/wp-content\/uploads\/usu769\/2020\/04\/1.-PORTADA-5-150x150.jpg 150w, https:\/\/agora.xtec.cat\/ceipgranullarius\/wp-content\/uploads\/usu769\/2020\/04\/1.-PORTADA-5-768x768.jpg 768w, https:\/\/agora.xtec.cat\/ceipgranullarius\/wp-content\/uploads\/usu769\/2020\/04\/1.-PORTADA-5-1024x1024.jpg 1024w, https:\/\/agora.xtec.cat\/ceipgranullarius\/wp-content\/uploads\/usu769\/2020\/04\/1.-PORTADA-5.jpg 1300w\" sizes=\"auto, (max-width: 300px) 100vw, 300px\" \/><\/a><\/p>\n<p>#totgranullariusesquedaacasa<\/p>\n<p>Mireu els v\u00eddeos que ens envien els nens i les nenes de P3, P4, 3r i 4t fent m\u00fasica a casa. Felicitats!! Ho esteu fent molt b\u00e9!<\/p>\n<p><a href=\"https:\/\/photos.app.goo.gl\/qwD5Be4GsGY7pKj39\">\u00c0lbum de v\u00eddeos.<\/a><\/p>\n","protected":false},"excerpt":{"rendered":"<p><a href=\"https:\/\/agora.xtec.cat\/ceipgranullarius\/wp-content\/uploads\/usu769\/2020\/04\/1.-PORTADA-5.jpg\"><\/a><br \/>\n#totgranullariusesquedaacasa<br \/>\nMireu els v\u00eddeos que ens envien els nens i les nenes de P3, P4, 3r i 4t fent m\u00fasica a casa. Felicitats!! Ho esteu fent molt b\u00e9!<br \/>\n<a href=\"https:\/\/photos.app.goo.gl\/qwD5Be4GsGY7pKj39\">\u00c0lbum de v\u00eddeos.<\/a><\/p>\n","protected":false},"author":1,"featured_media":1151,"comment_status":"closed","ping_status":"closed","sticky":false,"template":"","format":"standard","meta":{"_bbp_topic_count":0,"_bbp_reply_count":0,"_bbp_total_topic_count":0,"_bbp_total_reply_count":0,"_bbp_voice_count":0,"_bbp_anonymous_reply_count":0,"_bbp_topic_count_hidden":0,"_bbp_reply_count_hidden":0,"_bbp_forum_subforum_count":0,"footnotes":""},"categories":[12,13,2,3,8,4],"tags":[],"class_list":["post-1645","post","type-post","status-publish","format-standard","has-post-thumbnail","hentry","category-3r","category-4t","category-educacio-infantil","category-i3","category-i4","category-portada"],"post_mailing_queue_ids":[],"_links":{"self":[{"href":"https:\/\/agora.xtec.cat\/ceipgranullarius\/wp-json\/wp\/v2\/posts\/1645","targetHints":{"allow":["GET"]}}],"collection":[{"href":"https:\/\/agora.xtec.cat\/ceipgranullarius\/wp-json\/wp\/v2\/posts"}],"about":[{"href":"https:\/\/agora.xtec.cat\/ceipgranullarius\/wp-json\/wp\/v2\/types\/post"}],"author":[{"embeddable":true,"href":"https:\/\/agora.xtec.cat\/ceipgranullarius\/wp-json\/wp\/v2\/users\/1"}],"replies":[{"embeddable":true,"href":"https:\/\/agora.xtec.cat\/ceipgranullarius\/wp-json\/wp\/v2\/comments?post=1645"}],"version-history":[{"count":1,"href":"https:\/\/agora.xtec.cat\/ceipgranullarius\/wp-json\/wp\/v2\/posts\/1645\/revisions"}],"predecessor-version":[{"id":1647,"href":"https:\/\/agora.xtec.cat\/ceipgranullarius\/wp-json\/wp\/v2\/posts\/1645\/revisions\/1647"}],"wp:featuredmedia":[{"embeddable":true,"href":"https:\/\/agora.xtec.cat\/ceipgranullarius\/wp-json\/wp\/v2\/media\/1151"}],"wp:attachment":[{"href":"https:\/\/agora.xtec.cat\/ceipgranullarius\/wp-json\/wp\/v2\/media?parent=1645"}],"wp:term":[{"taxonomy":"category","embeddable":true,"href":"https:\/\/agora.xtec.cat\/ceipgranullarius\/wp-json\/wp\/v2\/categories?post=1645"},{"taxonomy":"post_tag","embeddable":true,"href":"https:\/\/agora.xtec.cat\/ceipgranullarius\/wp-json\/wp\/v2\/tags?post=1645"}],"curies":[{"name":"wp","href":"https:\/\/api.w.org\/{rel}","templated":true}]}}