{"id":1489,"date":"2020-03-20T14:06:31","date_gmt":"2020-03-20T13:06:31","guid":{"rendered":"http:\/\/agora.xtec.cat\/ceipgranullarius\/?p=1489"},"modified":"2020-03-20T14:09:34","modified_gmt":"2020-03-20T13:09:34","slug":"xvi-certamen-de-lectura-en-veu-alta","status":"publish","type":"post","link":"https:\/\/agora.xtec.cat\/ceipgranullarius\/portada\/xvi-certamen-de-lectura-en-veu-alta\/","title":{"rendered":"XVI CERTAMEN DE LECTURA EN VEU ALTA"},"content":{"rendered":"<p style=\"text-align: center;\"><a href=\"https:\/\/agora.xtec.cat\/ceipgranullarius\/wp-content\/uploads\/usu769\/2020\/03\/PORTADA-3.jpg\"><img loading=\"lazy\" decoding=\"async\" class=\"aligncenter size-medium wp-image-1490\" src=\"https:\/\/agora.xtec.cat\/ceipgranullarius\/wp-content\/uploads\/usu769\/2020\/03\/PORTADA-3-300x225.jpg\" alt=\"\" width=\"300\" height=\"225\" srcset=\"https:\/\/agora.xtec.cat\/ceipgranullarius\/wp-content\/uploads\/usu769\/2020\/03\/PORTADA-3-300x225.jpg 300w, https:\/\/agora.xtec.cat\/ceipgranullarius\/wp-content\/uploads\/usu769\/2020\/03\/PORTADA-3-768x576.jpg 768w, https:\/\/agora.xtec.cat\/ceipgranullarius\/wp-content\/uploads\/usu769\/2020\/03\/PORTADA-3-1024x768.jpg 1024w, https:\/\/agora.xtec.cat\/ceipgranullarius\/wp-content\/uploads\/usu769\/2020\/03\/PORTADA-3-200x150.jpg 200w\" sizes=\"auto, (max-width: 300px) 100vw, 300px\" \/><\/a><\/p>\n<p>El divendres 6 de mar\u00e7 s&#8217;ha celebrat a l&#8217;Auditori del Centre Cultural de Bellavista, el XVI Certamen de Lectura en Veu alta. Enguany han participat tres alumnes de la nostra escola en diferents categories:<br \/>\n&#8211; Categoria Grumets vermells: J\u00falia Garangou 4tA<br \/>\n&#8211; Categoria Grumets verds: Lara Alabart 6\u00e8B<br \/>\n&#8211; Categoria Timoners: Fergy Rodr\u00edguez 6\u00e8B<br \/>\nMoltes felicitats a totes tres que han llegit molt b\u00e9 i en especial a la J\u00falia Garangou que ha estat seleccionada en la seva categoria i passar\u00e0 a la Semifinal que se celebrar\u00e0 a l&#8217;Auditori de Barcelona!!!<br \/>\nEnhorabona super lectores!!<\/p>\n<p><a href=\"https:\/\/photos.app.goo.gl\/8ARNjqHoEzNe3Tfd9\">\u00c0lbum de fotos.<\/a><\/p>\n","protected":false},"excerpt":{"rendered":"<p><a href=\"https:\/\/agora.xtec.cat\/ceipgranullarius\/wp-content\/uploads\/usu769\/2020\/03\/PORTADA-3.jpg\"><\/a><br \/>\nEl divendres 6 de mar\u00e7 s&#8217;ha celebrat a l&#8217;Auditori del Centre Cultural de Bellavista, el XVI Certamen de Lectura en Veu alta. Enguany han participat tres alumnes de la nostra escola en diferents categories:<br \/>\n&#8211; Categoria Grumets vermells: J\u00falia Garangou 4tA<br \/>\n&#8211; Categoria Grumets verds: Lara&hellip;  <a href=\"https:\/\/agora.xtec.cat\/ceipgranullarius\/portada\/xvi-certamen-de-lectura-en-veu-alta\/\" title=\"Read XVI CERTAMEN DE LECTURA EN VEU ALTA\">Llegeix m\u00e9s\u00bb<\/a><\/p>\n","protected":false},"author":1,"featured_media":1151,"comment_status":"closed","ping_status":"closed","sticky":false,"template":"","format":"standard","meta":{"_bbp_topic_count":0,"_bbp_reply_count":0,"_bbp_total_topic_count":0,"_bbp_total_reply_count":0,"_bbp_voice_count":0,"_bbp_anonymous_reply_count":0,"_bbp_topic_count_hidden":0,"_bbp_reply_count_hidden":0,"_bbp_forum_subforum_count":0,"footnotes":""},"categories":[4],"tags":[],"class_list":["post-1489","post","type-post","status-publish","format-standard","has-post-thumbnail","hentry","category-portada"],"post_mailing_queue_ids":[],"_links":{"self":[{"href":"https:\/\/agora.xtec.cat\/ceipgranullarius\/wp-json\/wp\/v2\/posts\/1489","targetHints":{"allow":["GET"]}}],"collection":[{"href":"https:\/\/agora.xtec.cat\/ceipgranullarius\/wp-json\/wp\/v2\/posts"}],"about":[{"href":"https:\/\/agora.xtec.cat\/ceipgranullarius\/wp-json\/wp\/v2\/types\/post"}],"author":[{"embeddable":true,"href":"https:\/\/agora.xtec.cat\/ceipgranullarius\/wp-json\/wp\/v2\/users\/1"}],"replies":[{"embeddable":true,"href":"https:\/\/agora.xtec.cat\/ceipgranullarius\/wp-json\/wp\/v2\/comments?post=1489"}],"version-history":[{"count":1,"href":"https:\/\/agora.xtec.cat\/ceipgranullarius\/wp-json\/wp\/v2\/posts\/1489\/revisions"}],"predecessor-version":[{"id":1491,"href":"https:\/\/agora.xtec.cat\/ceipgranullarius\/wp-json\/wp\/v2\/posts\/1489\/revisions\/1491"}],"wp:featuredmedia":[{"embeddable":true,"href":"https:\/\/agora.xtec.cat\/ceipgranullarius\/wp-json\/wp\/v2\/media\/1151"}],"wp:attachment":[{"href":"https:\/\/agora.xtec.cat\/ceipgranullarius\/wp-json\/wp\/v2\/media?parent=1489"}],"wp:term":[{"taxonomy":"category","embeddable":true,"href":"https:\/\/agora.xtec.cat\/ceipgranullarius\/wp-json\/wp\/v2\/categories?post=1489"},{"taxonomy":"post_tag","embeddable":true,"href":"https:\/\/agora.xtec.cat\/ceipgranullarius\/wp-json\/wp\/v2\/tags?post=1489"}],"curies":[{"name":"wp","href":"https:\/\/api.w.org\/{rel}","templated":true}]}}