{"id":1448,"date":"2020-02-27T10:48:13","date_gmt":"2020-02-27T09:48:13","guid":{"rendered":"http:\/\/agora.xtec.cat\/ceipgranullarius\/?p=1448"},"modified":"2020-02-27T10:48:13","modified_gmt":"2020-02-27T09:48:13","slug":"projecte-sardanes-sardavall-4t","status":"publish","type":"post","link":"https:\/\/agora.xtec.cat\/ceipgranullarius\/portada\/projecte-sardanes-sardavall-4t\/","title":{"rendered":"PROJECTE SARDANES SARDAVALL 4t"},"content":{"rendered":"<p style=\"text-align: center;\"><a href=\"https:\/\/agora.xtec.cat\/ceipgranullarius\/wp-content\/uploads\/usu769\/2020\/02\/1.-PORTADA.jpg\"><img loading=\"lazy\" decoding=\"async\" class=\"aligncenter size-medium wp-image-1449\" src=\"https:\/\/agora.xtec.cat\/ceipgranullarius\/wp-content\/uploads\/usu769\/2020\/02\/1.-PORTADA-300x225.jpg\" alt=\"\" width=\"300\" height=\"225\" srcset=\"https:\/\/agora.xtec.cat\/ceipgranullarius\/wp-content\/uploads\/usu769\/2020\/02\/1.-PORTADA-300x225.jpg 300w, https:\/\/agora.xtec.cat\/ceipgranullarius\/wp-content\/uploads\/usu769\/2020\/02\/1.-PORTADA-768x576.jpg 768w, https:\/\/agora.xtec.cat\/ceipgranullarius\/wp-content\/uploads\/usu769\/2020\/02\/1.-PORTADA-1024x768.jpg 1024w, https:\/\/agora.xtec.cat\/ceipgranullarius\/wp-content\/uploads\/usu769\/2020\/02\/1.-PORTADA-200x150.jpg 200w, https:\/\/agora.xtec.cat\/ceipgranullarius\/wp-content\/uploads\/usu769\/2020\/02\/1.-PORTADA.jpg 1599w\" sizes=\"auto, (max-width: 300px) 100vw, 300px\" \/><\/a><\/p>\n<p>El 15 de gener vam comen\u00e7ar el curset de sardanes a c\u00e0rrec de l\u2019Agrupaci\u00f3 Sardanista de Granollers. Vam venir la Maria Dolors Cladellas i en Joan G\u00f3mez que s\u00f3n els monitors del l&#8217;Agrupaci\u00f3 que ensenyen a ballar sardanes juntament amb la mestra de m\u00fasica, l&#8217;Anna Burgada.<\/p>\n<p>El curset consta de 6 sessions d\u20191 hora per a cada grup de 4t i cadascuna es realitza cada 15 dies.<\/p>\n<p>Aquests nens i aquestes nenes de 4t ho fan molt b\u00e9!!<\/p>\n<p><a href=\"https:\/\/photos.app.goo.gl\/Fyr64ZGaRP9mdpAu7\">\u00c0lbum de fotos.<\/a><\/p>\n","protected":false},"excerpt":{"rendered":"<p><a href=\"https:\/\/agora.xtec.cat\/ceipgranullarius\/wp-content\/uploads\/usu769\/2020\/02\/1.-PORTADA.jpg\"><\/a><br \/>\nEl 15 de gener vam comen\u00e7ar el curset de sardanes a c\u00e0rrec de l\u2019Agrupaci\u00f3 Sardanista de Granollers. Vam venir la Maria Dolors Cladellas i en Joan G\u00f3mez que s\u00f3n els monitors del l&#8217;Agrupaci\u00f3 que ensenyen a ballar sardanes juntament amb la mestra de m\u00fasica,&hellip;  <a href=\"https:\/\/agora.xtec.cat\/ceipgranullarius\/portada\/projecte-sardanes-sardavall-4t\/\" title=\"Read PROJECTE SARDANES SARDAVALL 4t\">Llegeix m\u00e9s\u00bb<\/a><\/p>\n","protected":false},"author":1,"featured_media":1151,"comment_status":"closed","ping_status":"closed","sticky":false,"template":"","format":"standard","meta":{"_bbp_topic_count":0,"_bbp_reply_count":0,"_bbp_total_topic_count":0,"_bbp_total_reply_count":0,"_bbp_voice_count":0,"_bbp_anonymous_reply_count":0,"_bbp_topic_count_hidden":0,"_bbp_reply_count_hidden":0,"_bbp_forum_subforum_count":0,"footnotes":""},"categories":[13,4],"tags":[],"class_list":["post-1448","post","type-post","status-publish","format-standard","has-post-thumbnail","hentry","category-4t","category-portada"],"post_mailing_queue_ids":[],"_links":{"self":[{"href":"https:\/\/agora.xtec.cat\/ceipgranullarius\/wp-json\/wp\/v2\/posts\/1448","targetHints":{"allow":["GET"]}}],"collection":[{"href":"https:\/\/agora.xtec.cat\/ceipgranullarius\/wp-json\/wp\/v2\/posts"}],"about":[{"href":"https:\/\/agora.xtec.cat\/ceipgranullarius\/wp-json\/wp\/v2\/types\/post"}],"author":[{"embeddable":true,"href":"https:\/\/agora.xtec.cat\/ceipgranullarius\/wp-json\/wp\/v2\/users\/1"}],"replies":[{"embeddable":true,"href":"https:\/\/agora.xtec.cat\/ceipgranullarius\/wp-json\/wp\/v2\/comments?post=1448"}],"version-history":[{"count":1,"href":"https:\/\/agora.xtec.cat\/ceipgranullarius\/wp-json\/wp\/v2\/posts\/1448\/revisions"}],"predecessor-version":[{"id":1450,"href":"https:\/\/agora.xtec.cat\/ceipgranullarius\/wp-json\/wp\/v2\/posts\/1448\/revisions\/1450"}],"wp:featuredmedia":[{"embeddable":true,"href":"https:\/\/agora.xtec.cat\/ceipgranullarius\/wp-json\/wp\/v2\/media\/1151"}],"wp:attachment":[{"href":"https:\/\/agora.xtec.cat\/ceipgranullarius\/wp-json\/wp\/v2\/media?parent=1448"}],"wp:term":[{"taxonomy":"category","embeddable":true,"href":"https:\/\/agora.xtec.cat\/ceipgranullarius\/wp-json\/wp\/v2\/categories?post=1448"},{"taxonomy":"post_tag","embeddable":true,"href":"https:\/\/agora.xtec.cat\/ceipgranullarius\/wp-json\/wp\/v2\/tags?post=1448"}],"curies":[{"name":"wp","href":"https:\/\/api.w.org\/{rel}","templated":true}]}}