{"id":1372,"date":"2020-02-13T10:26:27","date_gmt":"2020-02-13T09:26:27","guid":{"rendered":"http:\/\/agora.xtec.cat\/ceipgranullarius\/?p=1372"},"modified":"2020-02-13T13:14:16","modified_gmt":"2020-02-13T12:14:16","slug":"granullarius-vegetable-garden","status":"publish","type":"post","link":"https:\/\/agora.xtec.cat\/ceipgranullarius\/portada\/granullarius-vegetable-garden\/","title":{"rendered":"Granullarius vegetable garden"},"content":{"rendered":"<p style=\"text-align: center;\"><a href=\"https:\/\/agora.xtec.cat\/ceipgranullarius\/wp-content\/uploads\/usu769\/2020\/02\/IMG_5727.jpg\"><img loading=\"lazy\" decoding=\"async\" class=\"aligncenter size-medium wp-image-1374\" src=\"https:\/\/agora.xtec.cat\/ceipgranullarius\/wp-content\/uploads\/usu769\/2020\/02\/IMG_5727-300x225.jpg\" alt=\"\" width=\"300\" height=\"225\" srcset=\"https:\/\/agora.xtec.cat\/ceipgranullarius\/wp-content\/uploads\/usu769\/2020\/02\/IMG_5727-300x225.jpg 300w, https:\/\/agora.xtec.cat\/ceipgranullarius\/wp-content\/uploads\/usu769\/2020\/02\/IMG_5727-768x576.jpg 768w, https:\/\/agora.xtec.cat\/ceipgranullarius\/wp-content\/uploads\/usu769\/2020\/02\/IMG_5727-1024x768.jpg 1024w, https:\/\/agora.xtec.cat\/ceipgranullarius\/wp-content\/uploads\/usu769\/2020\/02\/IMG_5727-200x150.jpg 200w\" sizes=\"auto, (max-width: 300px) 100vw, 300px\" \/><\/a><\/p>\n<p>Hello everyone,I don\u2019t know if you know that this year we have started the vegetable garden project. The 2<sup>nd<\/sup> grade students we are taking care of it and we are learning different things about vegetables and what do they need to grow. We want to share with you our first discovery! We have seen how are growing our first carrots!! We are very excited!! In the vegetable garden we have got oignons, beetroot, peas, cauliflower, broccoli and artichokes, also. Soon more photos and videos.Enjoy the photos!\u00a0Hola a tothom,<\/p>\n<p style=\"font-weight: 400;\">No s\u00e9 si sabeu que aquest any hem comen\u00e7at el projecte d&#8217;hort. Els estudiants de 2n de prim\u00e0ria ens n\u2019estem cuidant i estem aprenent diferents coses sobre les verdures i qu\u00e8 necessiten per cr\u00e9ixer. Volem compartir amb vosaltres el nostre primer descobriment! Hem vist com creixen les nostres primeres pastanagues !! Estem molt emocionats !! A l\u2019hort tamb\u00e9 hi tenim cebes, remolatxa, p\u00e8sols, coliflor, br\u00f2quil i carxofes.<\/p>\n<p style=\"font-weight: 400;\">Aviat m\u00e9s fotos i v\u00eddeos.<\/p>\n<p style=\"font-weight: 400;\"><a href=\"https:\/\/photos.app.goo.gl\/QpqvTTnXZwmRCAFL6\">Gaudeix de les fotos!<\/a><\/p>\n","protected":false},"excerpt":{"rendered":"<p><a href=\"https:\/\/agora.xtec.cat\/ceipgranullarius\/wp-content\/uploads\/usu769\/2020\/02\/IMG_5727.jpg\"><\/a><br \/>\nHello everyone,I don\u2019t know if you know that this year we have started the vegetable garden project. The 2nd grade students we are taking care of it and we are learning different things about vegetables and what do they need to grow. We want&hellip;  <a href=\"https:\/\/agora.xtec.cat\/ceipgranullarius\/portada\/granullarius-vegetable-garden\/\" title=\"Read Granullarius vegetable garden\">Llegeix m\u00e9s\u00bb<\/a><\/p>\n","protected":false},"author":1,"featured_media":1151,"comment_status":"closed","ping_status":"closed","sticky":false,"template":"","format":"standard","meta":{"_bbp_topic_count":0,"_bbp_reply_count":0,"_bbp_total_topic_count":0,"_bbp_total_reply_count":0,"_bbp_voice_count":0,"_bbp_anonymous_reply_count":0,"_bbp_topic_count_hidden":0,"_bbp_reply_count_hidden":0,"_bbp_forum_subforum_count":0,"footnotes":""},"categories":[11,46,4],"tags":[],"class_list":["post-1372","post","type-post","status-publish","format-standard","has-post-thumbnail","hentry","category-2n","category-som-escola-gep","category-portada"],"post_mailing_queue_ids":[],"_links":{"self":[{"href":"https:\/\/agora.xtec.cat\/ceipgranullarius\/wp-json\/wp\/v2\/posts\/1372","targetHints":{"allow":["GET"]}}],"collection":[{"href":"https:\/\/agora.xtec.cat\/ceipgranullarius\/wp-json\/wp\/v2\/posts"}],"about":[{"href":"https:\/\/agora.xtec.cat\/ceipgranullarius\/wp-json\/wp\/v2\/types\/post"}],"author":[{"embeddable":true,"href":"https:\/\/agora.xtec.cat\/ceipgranullarius\/wp-json\/wp\/v2\/users\/1"}],"replies":[{"embeddable":true,"href":"https:\/\/agora.xtec.cat\/ceipgranullarius\/wp-json\/wp\/v2\/comments?post=1372"}],"version-history":[{"count":2,"href":"https:\/\/agora.xtec.cat\/ceipgranullarius\/wp-json\/wp\/v2\/posts\/1372\/revisions"}],"predecessor-version":[{"id":1376,"href":"https:\/\/agora.xtec.cat\/ceipgranullarius\/wp-json\/wp\/v2\/posts\/1372\/revisions\/1376"}],"wp:featuredmedia":[{"embeddable":true,"href":"https:\/\/agora.xtec.cat\/ceipgranullarius\/wp-json\/wp\/v2\/media\/1151"}],"wp:attachment":[{"href":"https:\/\/agora.xtec.cat\/ceipgranullarius\/wp-json\/wp\/v2\/media?parent=1372"}],"wp:term":[{"taxonomy":"category","embeddable":true,"href":"https:\/\/agora.xtec.cat\/ceipgranullarius\/wp-json\/wp\/v2\/categories?post=1372"},{"taxonomy":"post_tag","embeddable":true,"href":"https:\/\/agora.xtec.cat\/ceipgranullarius\/wp-json\/wp\/v2\/tags?post=1372"}],"curies":[{"name":"wp","href":"https:\/\/api.w.org\/{rel}","templated":true}]}}