{"id":1351,"date":"2020-02-05T15:12:32","date_gmt":"2020-02-05T14:12:32","guid":{"rendered":"http:\/\/agora.xtec.cat\/ceipgranullarius\/?p=1351"},"modified":"2020-02-05T15:12:32","modified_gmt":"2020-02-05T14:12:32","slug":"mobilitat-i-pedals","status":"publish","type":"post","link":"https:\/\/agora.xtec.cat\/ceipgranullarius\/portada\/mobilitat-i-pedals\/","title":{"rendered":"MOBILITAT I PEDALS"},"content":{"rendered":"<p style=\"text-align: center;\"><a href=\"https:\/\/agora.xtec.cat\/ceipgranullarius\/wp-content\/uploads\/usu769\/2020\/02\/IMG-20200203-WA0013.jpg\"><img loading=\"lazy\" decoding=\"async\" class=\"aligncenter size-medium wp-image-1352\" src=\"https:\/\/agora.xtec.cat\/ceipgranullarius\/wp-content\/uploads\/usu769\/2020\/02\/IMG-20200203-WA0013-300x225.jpg\" alt=\"\" width=\"300\" height=\"225\" srcset=\"https:\/\/agora.xtec.cat\/ceipgranullarius\/wp-content\/uploads\/usu769\/2020\/02\/IMG-20200203-WA0013-300x225.jpg 300w, https:\/\/agora.xtec.cat\/ceipgranullarius\/wp-content\/uploads\/usu769\/2020\/02\/IMG-20200203-WA0013-768x576.jpg 768w, https:\/\/agora.xtec.cat\/ceipgranullarius\/wp-content\/uploads\/usu769\/2020\/02\/IMG-20200203-WA0013-1024x768.jpg 1024w, https:\/\/agora.xtec.cat\/ceipgranullarius\/wp-content\/uploads\/usu769\/2020\/02\/IMG-20200203-WA0013-200x150.jpg 200w, https:\/\/agora.xtec.cat\/ceipgranullarius\/wp-content\/uploads\/usu769\/2020\/02\/IMG-20200203-WA0013.jpg 1600w\" sizes=\"auto, (max-width: 300px) 100vw, 300px\" \/><\/a><\/p>\n<p>GRANOLLERS i PEDALA \u00e9s una associaci\u00f3 per a la promoci\u00f3 de la bicicleta com a opci\u00f3 de mobilitat quotidiana.\u00a0 La nostra escola participa en un \u201cprograma pilot\u201d anomenat \u00a0MOBILITAT I PEDALS , que \u00e9s un proposta formativa per a centres d\u2019Educaci\u00f3 Prim\u00e0ria de la ciutat de Granollers . L\u2019objectiu \u00e9s sensibilitzar als infants i adolescents per una mobilitat sostenible, segura, saludable, eficient i emancipadora, situant la mobilitat com a \u00e0mbit de transformaci\u00f3 en l\u2019actual context de crisi clim\u00e0tica i ambiental. D\u2019aquesta manera, el nostre alumnat adquirir\u00e0 \u00a0l\u2019habilitat necess\u00e0ria per conduir la bicicleta de forma segura i adequada per la ciutat com a vehicle de mobilitat quotidiana.<\/p>\n<p><a href=\"https:\/\/photos.app.goo.gl\/7zCQuX64VQR9B8Mc8\">\u00c0lbum de fotos.<\/a><\/p>\n","protected":false},"excerpt":{"rendered":"<p><a href=\"https:\/\/agora.xtec.cat\/ceipgranullarius\/wp-content\/uploads\/usu769\/2020\/02\/IMG-20200203-WA0013.jpg\"><\/a><br \/>\nGRANOLLERS i PEDALA \u00e9s una associaci\u00f3 per a la promoci\u00f3 de la bicicleta com a opci\u00f3 de mobilitat quotidiana.\u00a0 La nostra escola participa en un \u201cprograma pilot\u201d anomenat \u00a0MOBILITAT I PEDALS , que \u00e9s un proposta formativa per a centres d\u2019Educaci\u00f3 Prim\u00e0ria de la&hellip;  <a href=\"https:\/\/agora.xtec.cat\/ceipgranullarius\/portada\/mobilitat-i-pedals\/\" title=\"Read MOBILITAT I PEDALS\">Llegeix m\u00e9s\u00bb<\/a><\/p>\n","protected":false},"author":1,"featured_media":1151,"comment_status":"closed","ping_status":"closed","sticky":false,"template":"","format":"standard","meta":{"_bbp_topic_count":0,"_bbp_reply_count":0,"_bbp_total_topic_count":0,"_bbp_total_reply_count":0,"_bbp_voice_count":0,"_bbp_anonymous_reply_count":0,"_bbp_topic_count_hidden":0,"_bbp_reply_count_hidden":0,"_bbp_forum_subforum_count":0,"footnotes":""},"categories":[14,4],"tags":[],"class_list":["post-1351","post","type-post","status-publish","format-standard","has-post-thumbnail","hentry","category-5e","category-portada"],"post_mailing_queue_ids":[],"_links":{"self":[{"href":"https:\/\/agora.xtec.cat\/ceipgranullarius\/wp-json\/wp\/v2\/posts\/1351","targetHints":{"allow":["GET"]}}],"collection":[{"href":"https:\/\/agora.xtec.cat\/ceipgranullarius\/wp-json\/wp\/v2\/posts"}],"about":[{"href":"https:\/\/agora.xtec.cat\/ceipgranullarius\/wp-json\/wp\/v2\/types\/post"}],"author":[{"embeddable":true,"href":"https:\/\/agora.xtec.cat\/ceipgranullarius\/wp-json\/wp\/v2\/users\/1"}],"replies":[{"embeddable":true,"href":"https:\/\/agora.xtec.cat\/ceipgranullarius\/wp-json\/wp\/v2\/comments?post=1351"}],"version-history":[{"count":1,"href":"https:\/\/agora.xtec.cat\/ceipgranullarius\/wp-json\/wp\/v2\/posts\/1351\/revisions"}],"predecessor-version":[{"id":1353,"href":"https:\/\/agora.xtec.cat\/ceipgranullarius\/wp-json\/wp\/v2\/posts\/1351\/revisions\/1353"}],"wp:featuredmedia":[{"embeddable":true,"href":"https:\/\/agora.xtec.cat\/ceipgranullarius\/wp-json\/wp\/v2\/media\/1151"}],"wp:attachment":[{"href":"https:\/\/agora.xtec.cat\/ceipgranullarius\/wp-json\/wp\/v2\/media?parent=1351"}],"wp:term":[{"taxonomy":"category","embeddable":true,"href":"https:\/\/agora.xtec.cat\/ceipgranullarius\/wp-json\/wp\/v2\/categories?post=1351"},{"taxonomy":"post_tag","embeddable":true,"href":"https:\/\/agora.xtec.cat\/ceipgranullarius\/wp-json\/wp\/v2\/tags?post=1351"}],"curies":[{"name":"wp","href":"https:\/\/api.w.org\/{rel}","templated":true}]}}