{"id":1273,"date":"2019-12-16T10:51:25","date_gmt":"2019-12-16T09:51:25","guid":{"rendered":"http:\/\/agora.xtec.cat\/ceipgranullarius\/?p=1273"},"modified":"2019-12-16T10:52:10","modified_gmt":"2019-12-16T09:52:10","slug":"que-es-el-nadal","status":"publish","type":"post","link":"https:\/\/agora.xtec.cat\/ceipgranullarius\/general\/que-es-el-nadal\/","title":{"rendered":"QU\u00c8 \u00c9S EL NADAL?"},"content":{"rendered":"<p><a href=\"https:\/\/agora.xtec.cat\/ceipgranullarius\/wp-content\/uploads\/usu769\/2019\/12\/que-es-nadal.jpg\"><img loading=\"lazy\" decoding=\"async\" class=\"aligncenter size-medium wp-image-1275\" src=\"https:\/\/agora.xtec.cat\/ceipgranullarius\/wp-content\/uploads\/usu769\/2019\/12\/que-es-nadal-300x225.jpg\" alt=\"\" width=\"300\" height=\"225\" srcset=\"https:\/\/agora.xtec.cat\/ceipgranullarius\/wp-content\/uploads\/usu769\/2019\/12\/que-es-nadal-300x225.jpg 300w, https:\/\/agora.xtec.cat\/ceipgranullarius\/wp-content\/uploads\/usu769\/2019\/12\/que-es-nadal-200x150.jpg 200w, https:\/\/agora.xtec.cat\/ceipgranullarius\/wp-content\/uploads\/usu769\/2019\/12\/que-es-nadal.jpg 528w\" sizes=\"auto, (max-width: 300px) 100vw, 300px\" \/><\/a><\/p>\n<p>L\u2019alumnat de 6\u00e8 d\u00f3na valor al qu\u00e8 \u00e9s el Nadal. \u00a0A vegades el consumisme no ens deixa veure el qu\u00e8 realment significa aquesta festa tan desitjada per a tothom.<\/p>\n<p>En el taller de teatre \u00a0els nens i nenes\u00a0 de 6\u00e8 varen asociar valors lligats a a la celebraci\u00f3 del Nadal i els varen representar a trav\u00e9s de l\u2019expressi\u00f3 corporal. El resultat\u2026 un power point que esperem compartiu.<\/p>\n<p>Que tingueu un Bon Nadal!!!<\/p>\n<p><a href=\"https:\/\/agora.xtec.cat\/ceipgranullarius\/wp-content\/uploads\/usu769\/2019\/12\/Qu\u00e8-es-el-Nadal.pdf\">Descarregar l&#8217;arxiu PDF<\/a><\/p>\n","protected":false},"excerpt":{"rendered":"<p><a href=\"https:\/\/agora.xtec.cat\/ceipgranullarius\/wp-content\/uploads\/usu769\/2019\/12\/que-es-nadal.jpg\"><\/a><br \/>\nL\u2019alumnat de 6\u00e8 d\u00f3na valor al qu\u00e8 \u00e9s el Nadal. \u00a0A vegades el consumisme no ens deixa veure el qu\u00e8 realment significa aquesta festa tan desitjada per a tothom.<br \/>\nEn el taller de teatre \u00a0els nens i nenes\u00a0 de 6\u00e8 varen asociar valors lligats a&hellip;  <a href=\"https:\/\/agora.xtec.cat\/ceipgranullarius\/general\/que-es-el-nadal\/\" title=\"Read QU\u00c8 \u00c9S EL NADAL?\">Llegeix m\u00e9s\u00bb<\/a><\/p>\n","protected":false},"author":1,"featured_media":1151,"comment_status":"closed","ping_status":"closed","sticky":false,"template":"","format":"standard","meta":{"_bbp_topic_count":0,"_bbp_reply_count":0,"_bbp_total_topic_count":0,"_bbp_total_reply_count":0,"_bbp_voice_count":0,"_bbp_anonymous_reply_count":0,"_bbp_topic_count_hidden":0,"_bbp_reply_count_hidden":0,"_bbp_forum_subforum_count":0,"footnotes":""},"categories":[15,1,4],"tags":[],"class_list":["post-1273","post","type-post","status-publish","format-standard","has-post-thumbnail","hentry","category-6e","category-general","category-portada"],"post_mailing_queue_ids":[],"_links":{"self":[{"href":"https:\/\/agora.xtec.cat\/ceipgranullarius\/wp-json\/wp\/v2\/posts\/1273","targetHints":{"allow":["GET"]}}],"collection":[{"href":"https:\/\/agora.xtec.cat\/ceipgranullarius\/wp-json\/wp\/v2\/posts"}],"about":[{"href":"https:\/\/agora.xtec.cat\/ceipgranullarius\/wp-json\/wp\/v2\/types\/post"}],"author":[{"embeddable":true,"href":"https:\/\/agora.xtec.cat\/ceipgranullarius\/wp-json\/wp\/v2\/users\/1"}],"replies":[{"embeddable":true,"href":"https:\/\/agora.xtec.cat\/ceipgranullarius\/wp-json\/wp\/v2\/comments?post=1273"}],"version-history":[{"count":1,"href":"https:\/\/agora.xtec.cat\/ceipgranullarius\/wp-json\/wp\/v2\/posts\/1273\/revisions"}],"predecessor-version":[{"id":1276,"href":"https:\/\/agora.xtec.cat\/ceipgranullarius\/wp-json\/wp\/v2\/posts\/1273\/revisions\/1276"}],"wp:featuredmedia":[{"embeddable":true,"href":"https:\/\/agora.xtec.cat\/ceipgranullarius\/wp-json\/wp\/v2\/media\/1151"}],"wp:attachment":[{"href":"https:\/\/agora.xtec.cat\/ceipgranullarius\/wp-json\/wp\/v2\/media?parent=1273"}],"wp:term":[{"taxonomy":"category","embeddable":true,"href":"https:\/\/agora.xtec.cat\/ceipgranullarius\/wp-json\/wp\/v2\/categories?post=1273"},{"taxonomy":"post_tag","embeddable":true,"href":"https:\/\/agora.xtec.cat\/ceipgranullarius\/wp-json\/wp\/v2\/tags?post=1273"}],"curies":[{"name":"wp","href":"https:\/\/api.w.org\/{rel}","templated":true}]}}