{"id":1256,"date":"2019-12-09T16:03:41","date_gmt":"2019-12-09T15:03:41","guid":{"rendered":"http:\/\/agora.xtec.cat\/ceipgranullarius\/?p=1256"},"modified":"2019-12-09T16:03:41","modified_gmt":"2019-12-09T15:03:41","slug":"festa-de-padrins-lectors-5e","status":"publish","type":"post","link":"https:\/\/agora.xtec.cat\/ceipgranullarius\/portada\/festa-de-padrins-lectors-5e\/","title":{"rendered":"Festa de Padrins lectors 5\u00e8"},"content":{"rendered":"<p style=\"text-align: center;\"><a href=\"https:\/\/agora.xtec.cat\/ceipgranullarius\/wp-content\/uploads\/usu769\/2019\/12\/IMG_20191016_104929.jpg\"><img loading=\"lazy\" decoding=\"async\" class=\"aligncenter size-medium wp-image-1259\" src=\"https:\/\/agora.xtec.cat\/ceipgranullarius\/wp-content\/uploads\/usu769\/2019\/12\/IMG_20191016_104929-225x300.jpg\" alt=\"\" width=\"225\" height=\"300\" srcset=\"https:\/\/agora.xtec.cat\/ceipgranullarius\/wp-content\/uploads\/usu769\/2019\/12\/IMG_20191016_104929-225x300.jpg 225w, https:\/\/agora.xtec.cat\/ceipgranullarius\/wp-content\/uploads\/usu769\/2019\/12\/IMG_20191016_104929-768x1024.jpg 768w\" sizes=\"auto, (max-width: 225px) 100vw, 225px\" \/><\/a><\/p>\n<p>El 15 i 16 d\u2019octubre vam fer la festa de presentaci\u00f3 dels nous padrins i fillols de lectura. Aquest any 5\u00e8 far\u00e0 de padrins de P5 i 6\u00e8 de 1r.\u00a0 Van ser dos dies molt especials, primer de molts nervis i despr\u00e9s de molts somriures i complicitat. Ara que ja ens coneixem&#8230;&#8230;a llegir!!!\u00a0 Quines ganes!!<\/p>\n<p><a href=\"https:\/\/photos.app.goo.gl\/8CoKaRKY5ZnLqSnB8\">\u00c0lbum de fotos.<\/a><\/p>\n","protected":false},"excerpt":{"rendered":"<p><a href=\"https:\/\/agora.xtec.cat\/ceipgranullarius\/wp-content\/uploads\/usu769\/2019\/12\/IMG_20191016_104929.jpg\"><\/a><br \/>\nEl 15 i 16 d\u2019octubre vam fer la festa de presentaci\u00f3 dels nous padrins i fillols de lectura. Aquest any 5\u00e8 far\u00e0 de padrins de P5 i 6\u00e8 de 1r.\u00a0 Van ser dos dies molt especials, primer de molts nervis i despr\u00e9s de molts&hellip;  <a href=\"https:\/\/agora.xtec.cat\/ceipgranullarius\/portada\/festa-de-padrins-lectors-5e\/\" title=\"Read Festa de Padrins lectors 5\u00e8\">Llegeix m\u00e9s\u00bb<\/a><\/p>\n","protected":false},"author":1,"featured_media":1151,"comment_status":"closed","ping_status":"closed","sticky":false,"template":"","format":"standard","meta":{"_bbp_topic_count":0,"_bbp_reply_count":0,"_bbp_total_topic_count":0,"_bbp_total_reply_count":0,"_bbp_voice_count":0,"_bbp_anonymous_reply_count":0,"_bbp_topic_count_hidden":0,"_bbp_reply_count_hidden":0,"_bbp_forum_subforum_count":0,"footnotes":""},"categories":[14,4],"tags":[],"class_list":["post-1256","post","type-post","status-publish","format-standard","has-post-thumbnail","hentry","category-5e","category-portada"],"post_mailing_queue_ids":[],"_links":{"self":[{"href":"https:\/\/agora.xtec.cat\/ceipgranullarius\/wp-json\/wp\/v2\/posts\/1256","targetHints":{"allow":["GET"]}}],"collection":[{"href":"https:\/\/agora.xtec.cat\/ceipgranullarius\/wp-json\/wp\/v2\/posts"}],"about":[{"href":"https:\/\/agora.xtec.cat\/ceipgranullarius\/wp-json\/wp\/v2\/types\/post"}],"author":[{"embeddable":true,"href":"https:\/\/agora.xtec.cat\/ceipgranullarius\/wp-json\/wp\/v2\/users\/1"}],"replies":[{"embeddable":true,"href":"https:\/\/agora.xtec.cat\/ceipgranullarius\/wp-json\/wp\/v2\/comments?post=1256"}],"version-history":[{"count":1,"href":"https:\/\/agora.xtec.cat\/ceipgranullarius\/wp-json\/wp\/v2\/posts\/1256\/revisions"}],"predecessor-version":[{"id":1260,"href":"https:\/\/agora.xtec.cat\/ceipgranullarius\/wp-json\/wp\/v2\/posts\/1256\/revisions\/1260"}],"wp:featuredmedia":[{"embeddable":true,"href":"https:\/\/agora.xtec.cat\/ceipgranullarius\/wp-json\/wp\/v2\/media\/1151"}],"wp:attachment":[{"href":"https:\/\/agora.xtec.cat\/ceipgranullarius\/wp-json\/wp\/v2\/media?parent=1256"}],"wp:term":[{"taxonomy":"category","embeddable":true,"href":"https:\/\/agora.xtec.cat\/ceipgranullarius\/wp-json\/wp\/v2\/categories?post=1256"},{"taxonomy":"post_tag","embeddable":true,"href":"https:\/\/agora.xtec.cat\/ceipgranullarius\/wp-json\/wp\/v2\/tags?post=1256"}],"curies":[{"name":"wp","href":"https:\/\/api.w.org\/{rel}","templated":true}]}}