{"id":1235,"date":"2019-12-04T15:38:26","date_gmt":"2019-12-04T14:38:26","guid":{"rendered":"http:\/\/agora.xtec.cat\/ceipgranullarius\/?p=1235"},"modified":"2019-12-04T15:38:26","modified_gmt":"2019-12-04T14:38:26","slug":"formacio-mestres","status":"publish","type":"post","link":"https:\/\/agora.xtec.cat\/ceipgranullarius\/general\/formacio-mestres\/","title":{"rendered":"FORMACI\u00d3 MESTRES"},"content":{"rendered":"<p style=\"text-align: center;\"><a href=\"https:\/\/agora.xtec.cat\/ceipgranullarius\/wp-content\/uploads\/usu769\/2019\/12\/0.PORTADA-1.jpg\"><img loading=\"lazy\" decoding=\"async\" class=\"aligncenter size-medium wp-image-1236\" src=\"https:\/\/agora.xtec.cat\/ceipgranullarius\/wp-content\/uploads\/usu769\/2019\/12\/0.PORTADA-1-300x225.jpg\" alt=\"\" width=\"300\" height=\"225\" srcset=\"https:\/\/agora.xtec.cat\/ceipgranullarius\/wp-content\/uploads\/usu769\/2019\/12\/0.PORTADA-1-300x225.jpg 300w, https:\/\/agora.xtec.cat\/ceipgranullarius\/wp-content\/uploads\/usu769\/2019\/12\/0.PORTADA-1-768x576.jpg 768w, https:\/\/agora.xtec.cat\/ceipgranullarius\/wp-content\/uploads\/usu769\/2019\/12\/0.PORTADA-1-1024x768.jpg 1024w, https:\/\/agora.xtec.cat\/ceipgranullarius\/wp-content\/uploads\/usu769\/2019\/12\/0.PORTADA-1-200x150.jpg 200w, https:\/\/agora.xtec.cat\/ceipgranullarius\/wp-content\/uploads\/usu769\/2019\/12\/0.PORTADA-1.jpg 2048w\" sizes=\"auto, (max-width: 300px) 100vw, 300px\" \/><\/a><\/p>\n<p>Els\/les mestres de l\u2019escola tamb\u00e9 ens formem!!<\/p>\n<p>Estem fem una formaci\u00f3 sobre el racons matem\u00e0tics per poder-los posar a la pr\u00e0ctica amb els\/les nostres alumnes.<\/p>\n<p>Les nostres formadores s\u00f3n la N\u00faria Saborit i la M. \u00c0ngels Sosa.<\/p>\n<p>Cap un canvi de metodologia m\u00e9s manipulativa i experimental!!<\/p>\n<p>Endavant!!<\/p>\n<p><a href=\"https:\/\/photos.app.goo.gl\/AxgPxHay8MfqaA1E8\">\u00c0lbum de fotos.<\/a><\/p>\n","protected":false},"excerpt":{"rendered":"<p><a href=\"https:\/\/agora.xtec.cat\/ceipgranullarius\/wp-content\/uploads\/usu769\/2019\/12\/0.PORTADA-1.jpg\"><\/a><br \/>\nEls\/les mestres de l\u2019escola tamb\u00e9 ens formem!!<br \/>\nEstem fem una formaci\u00f3 sobre el racons matem\u00e0tics per poder-los posar a la pr\u00e0ctica amb els\/les nostres alumnes.<br \/>\nLes nostres formadores s\u00f3n la N\u00faria Saborit i la M. \u00c0ngels Sosa.<br \/>\nCap un canvi de metodologia m\u00e9s manipulativa i experimental!!<br \/>\nEndavant!!<br \/>\n<a href=\"https:\/\/photos.app.goo.gl\/AxgPxHay8MfqaA1E8\">\u00c0lbum&hellip;  <a href=\"https:\/\/agora.xtec.cat\/ceipgranullarius\/general\/formacio-mestres\/\" title=\"Read FORMACI\u00d3 MESTRES\">Llegeix m\u00e9s\u00bb<\/a><\/p>\n","protected":false},"author":1,"featured_media":1151,"comment_status":"closed","ping_status":"closed","sticky":false,"template":"","format":"standard","meta":{"_bbp_topic_count":0,"_bbp_reply_count":0,"_bbp_total_topic_count":0,"_bbp_total_reply_count":0,"_bbp_voice_count":0,"_bbp_anonymous_reply_count":0,"_bbp_topic_count_hidden":0,"_bbp_reply_count_hidden":0,"_bbp_forum_subforum_count":0,"footnotes":""},"categories":[1,4],"tags":[],"class_list":["post-1235","post","type-post","status-publish","format-standard","has-post-thumbnail","hentry","category-general","category-portada"],"post_mailing_queue_ids":[],"_links":{"self":[{"href":"https:\/\/agora.xtec.cat\/ceipgranullarius\/wp-json\/wp\/v2\/posts\/1235","targetHints":{"allow":["GET"]}}],"collection":[{"href":"https:\/\/agora.xtec.cat\/ceipgranullarius\/wp-json\/wp\/v2\/posts"}],"about":[{"href":"https:\/\/agora.xtec.cat\/ceipgranullarius\/wp-json\/wp\/v2\/types\/post"}],"author":[{"embeddable":true,"href":"https:\/\/agora.xtec.cat\/ceipgranullarius\/wp-json\/wp\/v2\/users\/1"}],"replies":[{"embeddable":true,"href":"https:\/\/agora.xtec.cat\/ceipgranullarius\/wp-json\/wp\/v2\/comments?post=1235"}],"version-history":[{"count":1,"href":"https:\/\/agora.xtec.cat\/ceipgranullarius\/wp-json\/wp\/v2\/posts\/1235\/revisions"}],"predecessor-version":[{"id":1237,"href":"https:\/\/agora.xtec.cat\/ceipgranullarius\/wp-json\/wp\/v2\/posts\/1235\/revisions\/1237"}],"wp:featuredmedia":[{"embeddable":true,"href":"https:\/\/agora.xtec.cat\/ceipgranullarius\/wp-json\/wp\/v2\/media\/1151"}],"wp:attachment":[{"href":"https:\/\/agora.xtec.cat\/ceipgranullarius\/wp-json\/wp\/v2\/media?parent=1235"}],"wp:term":[{"taxonomy":"category","embeddable":true,"href":"https:\/\/agora.xtec.cat\/ceipgranullarius\/wp-json\/wp\/v2\/categories?post=1235"},{"taxonomy":"post_tag","embeddable":true,"href":"https:\/\/agora.xtec.cat\/ceipgranullarius\/wp-json\/wp\/v2\/tags?post=1235"}],"curies":[{"name":"wp","href":"https:\/\/api.w.org\/{rel}","templated":true}]}}