{"id":1160,"date":"2019-11-08T16:12:47","date_gmt":"2019-11-08T15:12:47","guid":{"rendered":"http:\/\/agora.xtec.cat\/ceipgranullarius\/?p=1160"},"modified":"2019-11-08T16:12:47","modified_gmt":"2019-11-08T15:12:47","slug":"museu-de-les-matematiques-6e","status":"publish","type":"post","link":"https:\/\/agora.xtec.cat\/ceipgranullarius\/portada\/museu-de-les-matematiques-6e\/","title":{"rendered":"Museu de les matem\u00e0tiques 6\u00e8"},"content":{"rendered":"<p>Ahir dijous els alumnes de sis\u00e8 vam anar d\u2019excursi\u00f3 al Museu de les Matem\u00e0tiques. Ens ho vam passar d\u2019all\u00f2 m\u00e9s b\u00e9 fent una gimcana matem\u00e0tica i descobrint diferents materials, jocs i propostes. Un dia de\u00a0 (2&#215;50) \/ 10 !!!<\/p>\n<p><a href=\"https:\/\/photos.app.goo.gl\/5VvCPEwK11obZUDq6\">\u00c0lbum de fotos.<\/a><\/p>\n","protected":false},"excerpt":{"rendered":"<p>Ahir dijous els alumnes de sis\u00e8 vam anar d\u2019excursi\u00f3 al Museu de les Matem\u00e0tiques. Ens ho vam passar d\u2019all\u00f2 m\u00e9s b\u00e9 fent una gimcana matem\u00e0tica i descobrint diferents materials, jocs i propostes. Un dia de\u00a0 (2&#215;50) \/ 10 !!!<br \/>\n<a href=\"https:\/\/photos.app.goo.gl\/5VvCPEwK11obZUDq6\">\u00c0lbum de fotos.<\/a><\/p>\n","protected":false},"author":1,"featured_media":0,"comment_status":"closed","ping_status":"closed","sticky":false,"template":"","format":"standard","meta":{"_bbp_topic_count":0,"_bbp_reply_count":0,"_bbp_total_topic_count":0,"_bbp_total_reply_count":0,"_bbp_voice_count":0,"_bbp_anonymous_reply_count":0,"_bbp_topic_count_hidden":0,"_bbp_reply_count_hidden":0,"_bbp_forum_subforum_count":0,"footnotes":""},"categories":[15,4],"tags":[],"class_list":["post-1160","post","type-post","status-publish","format-standard","hentry","category-6e","category-portada"],"post_mailing_queue_ids":[],"_links":{"self":[{"href":"https:\/\/agora.xtec.cat\/ceipgranullarius\/wp-json\/wp\/v2\/posts\/1160","targetHints":{"allow":["GET"]}}],"collection":[{"href":"https:\/\/agora.xtec.cat\/ceipgranullarius\/wp-json\/wp\/v2\/posts"}],"about":[{"href":"https:\/\/agora.xtec.cat\/ceipgranullarius\/wp-json\/wp\/v2\/types\/post"}],"author":[{"embeddable":true,"href":"https:\/\/agora.xtec.cat\/ceipgranullarius\/wp-json\/wp\/v2\/users\/1"}],"replies":[{"embeddable":true,"href":"https:\/\/agora.xtec.cat\/ceipgranullarius\/wp-json\/wp\/v2\/comments?post=1160"}],"version-history":[{"count":1,"href":"https:\/\/agora.xtec.cat\/ceipgranullarius\/wp-json\/wp\/v2\/posts\/1160\/revisions"}],"predecessor-version":[{"id":1161,"href":"https:\/\/agora.xtec.cat\/ceipgranullarius\/wp-json\/wp\/v2\/posts\/1160\/revisions\/1161"}],"wp:attachment":[{"href":"https:\/\/agora.xtec.cat\/ceipgranullarius\/wp-json\/wp\/v2\/media?parent=1160"}],"wp:term":[{"taxonomy":"category","embeddable":true,"href":"https:\/\/agora.xtec.cat\/ceipgranullarius\/wp-json\/wp\/v2\/categories?post=1160"},{"taxonomy":"post_tag","embeddable":true,"href":"https:\/\/agora.xtec.cat\/ceipgranullarius\/wp-json\/wp\/v2\/tags?post=1160"}],"curies":[{"name":"wp","href":"https:\/\/api.w.org\/{rel}","templated":true}]}}