{"id":1143,"date":"2019-10-30T08:52:21","date_gmt":"2019-10-30T07:52:21","guid":{"rendered":"http:\/\/agora.xtec.cat\/ceipgranullarius\/?p=1143"},"modified":"2019-10-30T08:52:21","modified_gmt":"2019-10-30T07:52:21","slug":"consell-dels-infants","status":"publish","type":"post","link":"https:\/\/agora.xtec.cat\/ceipgranullarius\/educacio-infantil\/consell-dels-infants\/","title":{"rendered":"CONSELL DELS INFANTS"},"content":{"rendered":"<p><a href=\"https:\/\/agora.xtec.cat\/ceipgranullarius\/wp-content\/uploads\/usu769\/2019\/10\/1.-PORTADA.jpg\"><img loading=\"lazy\" decoding=\"async\" class=\"aligncenter size-medium wp-image-1144\" src=\"https:\/\/agora.xtec.cat\/ceipgranullarius\/wp-content\/uploads\/usu769\/2019\/10\/1.-PORTADA-300x225.jpg\" alt=\"\" width=\"300\" height=\"225\" srcset=\"https:\/\/agora.xtec.cat\/ceipgranullarius\/wp-content\/uploads\/usu769\/2019\/10\/1.-PORTADA-300x225.jpg 300w, https:\/\/agora.xtec.cat\/ceipgranullarius\/wp-content\/uploads\/usu769\/2019\/10\/1.-PORTADA-768x576.jpg 768w, https:\/\/agora.xtec.cat\/ceipgranullarius\/wp-content\/uploads\/usu769\/2019\/10\/1.-PORTADA-1024x768.jpg 1024w, https:\/\/agora.xtec.cat\/ceipgranullarius\/wp-content\/uploads\/usu769\/2019\/10\/1.-PORTADA-200x150.jpg 200w\" sizes=\"auto, (max-width: 300px) 100vw, 300px\" \/><\/a><\/p>\n<p>El dimarts 1 d\u2019octubre les nens i les nenes de 5\u00e8 ens vam reunir a la sala de psicomotricitat i van venir l\u2019Ester Cruz (t\u00e8cnica d\u2019educaci\u00f3) i l\u2019Oriol Puig que va ser el representant de la nostra escola al Consell dels Infants al curs 18-19. L\u2019Oriol ens va explicar en qu\u00e8 consistia ser conseller i va animar a tots els\/alumnes de 5\u00e8 a participar-hi.<\/p>\n<p>Unes setmanes despr\u00e9s va sortir la Denise Gonz\u00e1lez de 5\u00e8A com representant del Consell dels Infants per aquest curs 19-20.<\/p>\n<p>Moltes Felicitats Denise!!!<\/p>\n<p><a href=\"https:\/\/photos.app.goo.gl\/vPZEDVEErXBted17A\">\u00c0lbum de fotos.<\/a><\/p>\n","protected":false},"excerpt":{"rendered":"<p><a href=\"https:\/\/agora.xtec.cat\/ceipgranullarius\/wp-content\/uploads\/usu769\/2019\/10\/1.-PORTADA.jpg\"><\/a><br \/>\nEl dimarts 1 d\u2019octubre les nens i les nenes de 5\u00e8 ens vam reunir a la sala de psicomotricitat i van venir l\u2019Ester Cruz (t\u00e8cnica d\u2019educaci\u00f3) i l\u2019Oriol Puig que va ser el representant de la nostra escola al Consell dels Infants al curs&hellip;  <a href=\"https:\/\/agora.xtec.cat\/ceipgranullarius\/educacio-infantil\/consell-dels-infants\/\" title=\"Read CONSELL DELS INFANTS\">Llegeix m\u00e9s\u00bb<\/a><\/p>\n","protected":false},"author":1,"featured_media":0,"comment_status":"closed","ping_status":"closed","sticky":false,"template":"","format":"standard","meta":{"_bbp_topic_count":0,"_bbp_reply_count":0,"_bbp_total_topic_count":0,"_bbp_total_reply_count":0,"_bbp_voice_count":0,"_bbp_anonymous_reply_count":0,"_bbp_topic_count_hidden":0,"_bbp_reply_count_hidden":0,"_bbp_forum_subforum_count":0,"footnotes":""},"categories":[2,4],"tags":[],"class_list":["post-1143","post","type-post","status-publish","format-standard","hentry","category-educacio-infantil","category-portada"],"post_mailing_queue_ids":[],"_links":{"self":[{"href":"https:\/\/agora.xtec.cat\/ceipgranullarius\/wp-json\/wp\/v2\/posts\/1143","targetHints":{"allow":["GET"]}}],"collection":[{"href":"https:\/\/agora.xtec.cat\/ceipgranullarius\/wp-json\/wp\/v2\/posts"}],"about":[{"href":"https:\/\/agora.xtec.cat\/ceipgranullarius\/wp-json\/wp\/v2\/types\/post"}],"author":[{"embeddable":true,"href":"https:\/\/agora.xtec.cat\/ceipgranullarius\/wp-json\/wp\/v2\/users\/1"}],"replies":[{"embeddable":true,"href":"https:\/\/agora.xtec.cat\/ceipgranullarius\/wp-json\/wp\/v2\/comments?post=1143"}],"version-history":[{"count":1,"href":"https:\/\/agora.xtec.cat\/ceipgranullarius\/wp-json\/wp\/v2\/posts\/1143\/revisions"}],"predecessor-version":[{"id":1145,"href":"https:\/\/agora.xtec.cat\/ceipgranullarius\/wp-json\/wp\/v2\/posts\/1143\/revisions\/1145"}],"wp:attachment":[{"href":"https:\/\/agora.xtec.cat\/ceipgranullarius\/wp-json\/wp\/v2\/media?parent=1143"}],"wp:term":[{"taxonomy":"category","embeddable":true,"href":"https:\/\/agora.xtec.cat\/ceipgranullarius\/wp-json\/wp\/v2\/categories?post=1143"},{"taxonomy":"post_tag","embeddable":true,"href":"https:\/\/agora.xtec.cat\/ceipgranullarius\/wp-json\/wp\/v2\/tags?post=1143"}],"curies":[{"name":"wp","href":"https:\/\/api.w.org\/{rel}","templated":true}]}}