{"id":1131,"date":"2019-10-08T08:52:54","date_gmt":"2019-10-08T06:52:54","guid":{"rendered":"http:\/\/agora.xtec.cat\/ceipgranullarius\/?p=1131"},"modified":"2019-10-08T08:53:26","modified_gmt":"2019-10-08T06:53:26","slug":"ed-fisica-1r-salts-i-equilibri","status":"publish","type":"post","link":"https:\/\/agora.xtec.cat\/ceipgranullarius\/portada\/ed-fisica-1r-salts-i-equilibri\/","title":{"rendered":"Ed. F\u00edsica 1r. Salts i equilibri."},"content":{"rendered":"<p>En l&#8217;\u00faltima sessi\u00f3 d&#8217;Educaci\u00f3 F\u00edsica, vam treballar els salts i l&#8217;equilibri. Al principi ens feia una mica de por saltar de tant alt, per\u00f2 ens van ensenyar com haviem de posar les mans i les cames per caure b\u00e9 i no fer-nos mal i va ser molt divertit !!!<\/p>\n<p><a href=\"https:\/\/photos.app.goo.gl\/6U4VPDrZqjzPRiZq5\">\u00c0lbum de fotos.<\/a><\/p>\n","protected":false},"excerpt":{"rendered":"<p>En l&#8217;\u00faltima sessi\u00f3 d&#8217;Educaci\u00f3 F\u00edsica, vam treballar els salts i l&#8217;equilibri. Al principi ens feia una mica de por saltar de tant alt, per\u00f2 ens van ensenyar com haviem de posar les mans i les cames per caure b\u00e9 i no fer-nos mal i va&hellip;  <a href=\"https:\/\/agora.xtec.cat\/ceipgranullarius\/portada\/ed-fisica-1r-salts-i-equilibri\/\" title=\"Read Ed. F\u00edsica 1r. Salts i equilibri.\">Llegeix m\u00e9s\u00bb<\/a><\/p>\n","protected":false},"author":1,"featured_media":0,"comment_status":"closed","ping_status":"closed","sticky":false,"template":"","format":"standard","meta":{"_bbp_topic_count":0,"_bbp_reply_count":0,"_bbp_total_topic_count":0,"_bbp_total_reply_count":0,"_bbp_voice_count":0,"_bbp_anonymous_reply_count":0,"_bbp_topic_count_hidden":0,"_bbp_reply_count_hidden":0,"_bbp_forum_subforum_count":0,"footnotes":""},"categories":[10,4],"tags":[],"class_list":["post-1131","post","type-post","status-publish","format-standard","hentry","category-1r","category-portada"],"post_mailing_queue_ids":[],"_links":{"self":[{"href":"https:\/\/agora.xtec.cat\/ceipgranullarius\/wp-json\/wp\/v2\/posts\/1131","targetHints":{"allow":["GET"]}}],"collection":[{"href":"https:\/\/agora.xtec.cat\/ceipgranullarius\/wp-json\/wp\/v2\/posts"}],"about":[{"href":"https:\/\/agora.xtec.cat\/ceipgranullarius\/wp-json\/wp\/v2\/types\/post"}],"author":[{"embeddable":true,"href":"https:\/\/agora.xtec.cat\/ceipgranullarius\/wp-json\/wp\/v2\/users\/1"}],"replies":[{"embeddable":true,"href":"https:\/\/agora.xtec.cat\/ceipgranullarius\/wp-json\/wp\/v2\/comments?post=1131"}],"version-history":[{"count":2,"href":"https:\/\/agora.xtec.cat\/ceipgranullarius\/wp-json\/wp\/v2\/posts\/1131\/revisions"}],"predecessor-version":[{"id":1133,"href":"https:\/\/agora.xtec.cat\/ceipgranullarius\/wp-json\/wp\/v2\/posts\/1131\/revisions\/1133"}],"wp:attachment":[{"href":"https:\/\/agora.xtec.cat\/ceipgranullarius\/wp-json\/wp\/v2\/media?parent=1131"}],"wp:term":[{"taxonomy":"category","embeddable":true,"href":"https:\/\/agora.xtec.cat\/ceipgranullarius\/wp-json\/wp\/v2\/categories?post=1131"},{"taxonomy":"post_tag","embeddable":true,"href":"https:\/\/agora.xtec.cat\/ceipgranullarius\/wp-json\/wp\/v2\/tags?post=1131"}],"curies":[{"name":"wp","href":"https:\/\/api.w.org\/{rel}","templated":true}]}}