{"id":1113,"date":"2019-09-16T16:24:48","date_gmt":"2019-09-16T14:24:48","guid":{"rendered":"http:\/\/agora.xtec.cat\/ceipgranullarius\/?p=1113"},"modified":"2019-12-09T16:19:41","modified_gmt":"2019-12-09T15:19:41","slug":"som-escola-gep","status":"publish","type":"post","link":"https:\/\/agora.xtec.cat\/ceipgranullarius\/general\/som-escola-gep\/","title":{"rendered":"S\u00d3M ESCOLA GEP"},"content":{"rendered":"<p>L&#8217;Escola Granullarius s\u00f3m un dels centres educatius seleccionats per participar en el programa d<strong>&#8216;innovaci\u00f3 pedag\u00f2gica &#8220;Generaci\u00f3 Pluriling\u00fce (GEP)<\/strong>: aprendre lleng\u00fces estrangeres a trav\u00e9s de les mat\u00e8ries&#8221;.<\/p>\n<p>Es crea el programa d&#8217;innovaci\u00f3 pedag\u00f2gica Generaci\u00f3 Pluriling\u00fce (GEP), amb l&#8217;objectiu d&#8217;augmentar la compet\u00e8ncia comunicativa de l&#8217;alumnat, mitjan\u00e7ant l&#8217;impuls d&#8217;accions innovadores en l&#8217;\u00e0mbit de l&#8217;organitzaci\u00f3 curricular i metodol\u00f2gic de l&#8217;ensenyament d&#8217;aquestes lleng\u00fces. Tamb\u00e9 es vol promoure un aprenentatge actiu i significatiu, basat en el treball cooperatiu i per projectes, en una avaluaci\u00f3 orientada a l&#8217;aprenentatge, i en l&#8217;adquisici\u00f3 d&#8217;estrat\u00e8gies per a un aprenentatge aut\u00f2nom.<\/p>\n","protected":false},"excerpt":{"rendered":"<p>L&#8217;Escola Granullarius s\u00f3m un dels centres educatius seleccionats per participar en el programa d&#8216;innovaci\u00f3 pedag\u00f2gica &#8220;Generaci\u00f3 Pluriling\u00fce (GEP): aprendre lleng\u00fces estrangeres a trav\u00e9s de les mat\u00e8ries&#8221;.<br \/>\nEs crea el programa d&#8217;innovaci\u00f3 pedag\u00f2gica Generaci\u00f3 Pluriling\u00fce (GEP), amb l&#8217;objectiu d&#8217;augmentar la compet\u00e8ncia comunicativa de l&#8217;alumnat, mitjan\u00e7ant l&#8217;impuls d&#8217;accions&hellip;  <a href=\"https:\/\/agora.xtec.cat\/ceipgranullarius\/general\/som-escola-gep\/\" title=\"Read S\u00d3M ESCOLA GEP\">Llegeix m\u00e9s\u00bb<\/a><\/p>\n","protected":false},"author":1,"featured_media":0,"comment_status":"closed","ping_status":"closed","sticky":false,"template":"","format":"standard","meta":{"_bbp_topic_count":0,"_bbp_reply_count":0,"_bbp_total_topic_count":0,"_bbp_total_reply_count":0,"_bbp_voice_count":0,"_bbp_anonymous_reply_count":0,"_bbp_topic_count_hidden":0,"_bbp_reply_count_hidden":0,"_bbp_forum_subforum_count":0,"footnotes":""},"categories":[1,46,4],"tags":[],"class_list":["post-1113","post","type-post","status-publish","format-standard","hentry","category-general","category-som-escola-gep","category-portada"],"post_mailing_queue_ids":[],"_links":{"self":[{"href":"https:\/\/agora.xtec.cat\/ceipgranullarius\/wp-json\/wp\/v2\/posts\/1113","targetHints":{"allow":["GET"]}}],"collection":[{"href":"https:\/\/agora.xtec.cat\/ceipgranullarius\/wp-json\/wp\/v2\/posts"}],"about":[{"href":"https:\/\/agora.xtec.cat\/ceipgranullarius\/wp-json\/wp\/v2\/types\/post"}],"author":[{"embeddable":true,"href":"https:\/\/agora.xtec.cat\/ceipgranullarius\/wp-json\/wp\/v2\/users\/1"}],"replies":[{"embeddable":true,"href":"https:\/\/agora.xtec.cat\/ceipgranullarius\/wp-json\/wp\/v2\/comments?post=1113"}],"version-history":[{"count":1,"href":"https:\/\/agora.xtec.cat\/ceipgranullarius\/wp-json\/wp\/v2\/posts\/1113\/revisions"}],"predecessor-version":[{"id":1114,"href":"https:\/\/agora.xtec.cat\/ceipgranullarius\/wp-json\/wp\/v2\/posts\/1113\/revisions\/1114"}],"wp:attachment":[{"href":"https:\/\/agora.xtec.cat\/ceipgranullarius\/wp-json\/wp\/v2\/media?parent=1113"}],"wp:term":[{"taxonomy":"category","embeddable":true,"href":"https:\/\/agora.xtec.cat\/ceipgranullarius\/wp-json\/wp\/v2\/categories?post=1113"},{"taxonomy":"post_tag","embeddable":true,"href":"https:\/\/agora.xtec.cat\/ceipgranullarius\/wp-json\/wp\/v2\/tags?post=1113"}],"curies":[{"name":"wp","href":"https:\/\/api.w.org\/{rel}","templated":true}]}}