{"id":1092,"date":"2019-07-12T10:06:22","date_gmt":"2019-07-12T08:06:22","guid":{"rendered":"http:\/\/agora.xtec.cat\/ceipgranullarius\/?p=1092"},"modified":"2019-07-12T10:06:22","modified_gmt":"2019-07-12T08:06:22","slug":"festa-fi-de-curs-2","status":"publish","type":"post","link":"https:\/\/agora.xtec.cat\/ceipgranullarius\/general\/festa-fi-de-curs-2\/","title":{"rendered":"FESTA FI DE CURS"},"content":{"rendered":"<p><a href=\"https:\/\/agora.xtec.cat\/ceipgranullarius\/wp-content\/uploads\/usu769\/2019\/07\/1.Portada.jpg\"><img loading=\"lazy\" decoding=\"async\" class=\"aligncenter size-medium wp-image-1093\" src=\"https:\/\/agora.xtec.cat\/ceipgranullarius\/wp-content\/uploads\/usu769\/2019\/07\/1.Portada-300x225.jpg\" alt=\"\" width=\"300\" height=\"225\" srcset=\"https:\/\/agora.xtec.cat\/ceipgranullarius\/wp-content\/uploads\/usu769\/2019\/07\/1.Portada-300x225.jpg 300w, https:\/\/agora.xtec.cat\/ceipgranullarius\/wp-content\/uploads\/usu769\/2019\/07\/1.Portada-768x576.jpg 768w, https:\/\/agora.xtec.cat\/ceipgranullarius\/wp-content\/uploads\/usu769\/2019\/07\/1.Portada-1024x768.jpg 1024w, https:\/\/agora.xtec.cat\/ceipgranullarius\/wp-content\/uploads\/usu769\/2019\/07\/1.Portada-200x150.jpg 200w, https:\/\/agora.xtec.cat\/ceipgranullarius\/wp-content\/uploads\/usu769\/2019\/07\/1.Portada.jpg 2000w\" sizes=\"auto, (max-width: 300px) 100vw, 300px\" \/><\/a><\/p>\n<p>L\u2019escola Granullarius hem celebrat la festa fi de curs i el comiat de l\u2019alumnat de 6\u00e8.<\/p>\n<p>Des de P3 fins a 6\u00e8 els nens i les nenes hem ballat una can\u00e7\u00f3 de rock catal\u00e0.<\/p>\n<p>Hem fet el comiat de 6\u00e8 i els hi hem regalat una orla per aqu\u00ed tinguin un record de l\u2019escola Granullarius.<\/p>\n<p>Tamb\u00e9 hem fet la ruixada a tota els cicles de Prim\u00e0ria i despr\u00e9s d\u2019esmorzar un gelat.<\/p>\n<p>Ha estat un dia fant\u00e0stic!!<\/p>\n<p>Molta sort nens i nenes de 6\u00e8!!!<\/p>\n<p><a href=\"https:\/\/photos.app.goo.gl\/WyBaUNUfRJDQprSf9\">\u00c0lbum de fotos.<\/a><\/p>\n","protected":false},"excerpt":{"rendered":"<p><a href=\"https:\/\/agora.xtec.cat\/ceipgranullarius\/wp-content\/uploads\/usu769\/2019\/07\/1.Portada.jpg\"><\/a><br \/>\nL\u2019escola Granullarius hem celebrat la festa fi de curs i el comiat de l\u2019alumnat de 6\u00e8.<br \/>\nDes de P3 fins a 6\u00e8 els nens i les nenes hem ballat una can\u00e7\u00f3 de rock catal\u00e0.<br \/>\nHem fet el comiat de 6\u00e8 i els hi hem regalat una&hellip;  <a href=\"https:\/\/agora.xtec.cat\/ceipgranullarius\/general\/festa-fi-de-curs-2\/\" title=\"Read FESTA FI DE CURS\">Llegeix m\u00e9s\u00bb<\/a><\/p>\n","protected":false},"author":1,"featured_media":0,"comment_status":"closed","ping_status":"closed","sticky":false,"template":"","format":"standard","meta":{"_bbp_topic_count":0,"_bbp_reply_count":0,"_bbp_total_topic_count":0,"_bbp_total_reply_count":0,"_bbp_voice_count":0,"_bbp_anonymous_reply_count":0,"_bbp_topic_count_hidden":0,"_bbp_reply_count_hidden":0,"_bbp_forum_subforum_count":0,"footnotes":""},"categories":[2,1,4],"tags":[],"class_list":["post-1092","post","type-post","status-publish","format-standard","hentry","category-educacio-infantil","category-general","category-portada"],"post_mailing_queue_ids":[],"_links":{"self":[{"href":"https:\/\/agora.xtec.cat\/ceipgranullarius\/wp-json\/wp\/v2\/posts\/1092","targetHints":{"allow":["GET"]}}],"collection":[{"href":"https:\/\/agora.xtec.cat\/ceipgranullarius\/wp-json\/wp\/v2\/posts"}],"about":[{"href":"https:\/\/agora.xtec.cat\/ceipgranullarius\/wp-json\/wp\/v2\/types\/post"}],"author":[{"embeddable":true,"href":"https:\/\/agora.xtec.cat\/ceipgranullarius\/wp-json\/wp\/v2\/users\/1"}],"replies":[{"embeddable":true,"href":"https:\/\/agora.xtec.cat\/ceipgranullarius\/wp-json\/wp\/v2\/comments?post=1092"}],"version-history":[{"count":1,"href":"https:\/\/agora.xtec.cat\/ceipgranullarius\/wp-json\/wp\/v2\/posts\/1092\/revisions"}],"predecessor-version":[{"id":1094,"href":"https:\/\/agora.xtec.cat\/ceipgranullarius\/wp-json\/wp\/v2\/posts\/1092\/revisions\/1094"}],"wp:attachment":[{"href":"https:\/\/agora.xtec.cat\/ceipgranullarius\/wp-json\/wp\/v2\/media?parent=1092"}],"wp:term":[{"taxonomy":"category","embeddable":true,"href":"https:\/\/agora.xtec.cat\/ceipgranullarius\/wp-json\/wp\/v2\/categories?post=1092"},{"taxonomy":"post_tag","embeddable":true,"href":"https:\/\/agora.xtec.cat\/ceipgranullarius\/wp-json\/wp\/v2\/tags?post=1092"}],"curies":[{"name":"wp","href":"https:\/\/api.w.org\/{rel}","templated":true}]}}