{"id":1084,"date":"2019-07-12T09:52:15","date_gmt":"2019-07-12T07:52:15","guid":{"rendered":"http:\/\/agora.xtec.cat\/ceipgranullarius\/?p=1084"},"modified":"2019-07-12T09:52:15","modified_gmt":"2019-07-12T07:52:15","slug":"sopar-de-6e","status":"publish","type":"post","link":"https:\/\/agora.xtec.cat\/ceipgranullarius\/portada\/sopar-de-6e\/","title":{"rendered":"SOPAR DE 6\u00e8"},"content":{"rendered":"<p><a href=\"https:\/\/agora.xtec.cat\/ceipgranullarius\/wp-content\/uploads\/usu769\/2019\/07\/portada.jpg\"><img loading=\"lazy\" decoding=\"async\" class=\"aligncenter size-medium wp-image-1085\" src=\"https:\/\/agora.xtec.cat\/ceipgranullarius\/wp-content\/uploads\/usu769\/2019\/07\/portada-300x225.jpg\" alt=\"\" width=\"300\" height=\"225\" srcset=\"https:\/\/agora.xtec.cat\/ceipgranullarius\/wp-content\/uploads\/usu769\/2019\/07\/portada-300x225.jpg 300w, https:\/\/agora.xtec.cat\/ceipgranullarius\/wp-content\/uploads\/usu769\/2019\/07\/portada-768x576.jpg 768w, https:\/\/agora.xtec.cat\/ceipgranullarius\/wp-content\/uploads\/usu769\/2019\/07\/portada-1024x768.jpg 1024w, https:\/\/agora.xtec.cat\/ceipgranullarius\/wp-content\/uploads\/usu769\/2019\/07\/portada-200x150.jpg 200w, https:\/\/agora.xtec.cat\/ceipgranullarius\/wp-content\/uploads\/usu769\/2019\/07\/portada.jpg 1600w\" sizes=\"auto, (max-width: 300px) 100vw, 300px\" \/><\/a><\/p>\n<p>El diumenge 16 de juny les fam\u00edlies de 6\u00e8 van preparar un sopar amb moltes activitats com a cloenda d\u2019aquesta etapa que els nens i les nens de 6\u00e8 acaben.<\/p>\n<p>Vam estar convidats molts\/es mestres antics\/gues i actuals, tots aquells que han passat per la vida escoles dels\/les nostres alumnes.<\/p>\n<p>Va ser un dia molt emotiu ple d\u2019alegries i de plors, per\u00f2 una gran festa inoblidable.<\/p>\n<p>Nois i noies de 6\u00e8, molta sort a la nova estepa que comenceu!! Us estimem!! L\u2019escola Granullarius sempre estar\u00e0 oberta per vosaltres!!<\/p>\n<p>Fam\u00edlies, un 10 en organitzaci\u00f3! Ens ho vam passar molt b\u00e9!! Molt\u00edssimes gr\u00e0cies per poder compartir aquest moments tan entranyables amb tota vosaltres!!<\/p>\n<p><a href=\"https:\/\/photos.app.goo.gl\/TzFhEYbAUxZUhTn78\">\u00c0lbum de fotos.<\/a><\/p>\n","protected":false},"excerpt":{"rendered":"<p><a href=\"https:\/\/agora.xtec.cat\/ceipgranullarius\/wp-content\/uploads\/usu769\/2019\/07\/portada.jpg\"><\/a><br \/>\nEl diumenge 16 de juny les fam\u00edlies de 6\u00e8 van preparar un sopar amb moltes activitats com a cloenda d\u2019aquesta etapa que els nens i les nens de 6\u00e8 acaben.<br \/>\nVam estar convidats molts\/es mestres antics\/gues i actuals, tots aquells que han passat per la&hellip;  <a href=\"https:\/\/agora.xtec.cat\/ceipgranullarius\/portada\/sopar-de-6e\/\" title=\"Read SOPAR DE 6\u00e8\">Llegeix m\u00e9s\u00bb<\/a><\/p>\n","protected":false},"author":1,"featured_media":0,"comment_status":"closed","ping_status":"closed","sticky":false,"template":"","format":"standard","meta":{"_bbp_topic_count":0,"_bbp_reply_count":0,"_bbp_total_topic_count":0,"_bbp_total_reply_count":0,"_bbp_voice_count":0,"_bbp_anonymous_reply_count":0,"_bbp_topic_count_hidden":0,"_bbp_reply_count_hidden":0,"_bbp_forum_subforum_count":0,"footnotes":""},"categories":[15,4],"tags":[],"class_list":["post-1084","post","type-post","status-publish","format-standard","hentry","category-6e","category-portada"],"post_mailing_queue_ids":[],"_links":{"self":[{"href":"https:\/\/agora.xtec.cat\/ceipgranullarius\/wp-json\/wp\/v2\/posts\/1084","targetHints":{"allow":["GET"]}}],"collection":[{"href":"https:\/\/agora.xtec.cat\/ceipgranullarius\/wp-json\/wp\/v2\/posts"}],"about":[{"href":"https:\/\/agora.xtec.cat\/ceipgranullarius\/wp-json\/wp\/v2\/types\/post"}],"author":[{"embeddable":true,"href":"https:\/\/agora.xtec.cat\/ceipgranullarius\/wp-json\/wp\/v2\/users\/1"}],"replies":[{"embeddable":true,"href":"https:\/\/agora.xtec.cat\/ceipgranullarius\/wp-json\/wp\/v2\/comments?post=1084"}],"version-history":[{"count":1,"href":"https:\/\/agora.xtec.cat\/ceipgranullarius\/wp-json\/wp\/v2\/posts\/1084\/revisions"}],"predecessor-version":[{"id":1086,"href":"https:\/\/agora.xtec.cat\/ceipgranullarius\/wp-json\/wp\/v2\/posts\/1084\/revisions\/1086"}],"wp:attachment":[{"href":"https:\/\/agora.xtec.cat\/ceipgranullarius\/wp-json\/wp\/v2\/media?parent=1084"}],"wp:term":[{"taxonomy":"category","embeddable":true,"href":"https:\/\/agora.xtec.cat\/ceipgranullarius\/wp-json\/wp\/v2\/categories?post=1084"},{"taxonomy":"post_tag","embeddable":true,"href":"https:\/\/agora.xtec.cat\/ceipgranullarius\/wp-json\/wp\/v2\/tags?post=1084"}],"curies":[{"name":"wp","href":"https:\/\/api.w.org\/{rel}","templated":true}]}}