{"id":1067,"date":"2019-06-20T11:51:26","date_gmt":"2019-06-20T09:51:26","guid":{"rendered":"http:\/\/agora.xtec.cat\/ceipgranullarius\/?p=1067"},"modified":"2019-06-20T11:51:26","modified_gmt":"2019-06-20T09:51:26","slug":"expressio-corporal-5e","status":"publish","type":"post","link":"https:\/\/agora.xtec.cat\/ceipgranullarius\/portada\/expressio-corporal-5e\/","title":{"rendered":"EXPRESSI\u00d3 CORPORAL 5\u00e8"},"content":{"rendered":"<p>Els nens i nenes de 5\u00e8 aquest darrer trimestre hem treballat l\u2019expressi\u00f3 corporal combinada amb habilitats gimn\u00e0stiques. Aqu\u00ed teniu una mostra del resultat d\u2019aquestes petites coreos!<\/p>\n<p><a href=\"https:\/\/photos.app.goo.gl\/zepHWhzkAyQo2MFm7\">\u00c0lbum de fotos.<\/a><\/p>\n","protected":false},"excerpt":{"rendered":"<p>Els nens i nenes de 5\u00e8 aquest darrer trimestre hem treballat l\u2019expressi\u00f3 corporal combinada amb habilitats gimn\u00e0stiques. Aqu\u00ed teniu una mostra del resultat d\u2019aquestes petites coreos!<br \/>\n<a href=\"https:\/\/photos.app.goo.gl\/zepHWhzkAyQo2MFm7\">\u00c0lbum de fotos.<\/a><\/p>\n","protected":false},"author":1,"featured_media":0,"comment_status":"closed","ping_status":"closed","sticky":false,"template":"","format":"standard","meta":{"_bbp_topic_count":0,"_bbp_reply_count":0,"_bbp_total_topic_count":0,"_bbp_total_reply_count":0,"_bbp_voice_count":0,"_bbp_anonymous_reply_count":0,"_bbp_topic_count_hidden":0,"_bbp_reply_count_hidden":0,"_bbp_forum_subforum_count":0,"footnotes":""},"categories":[14,4],"tags":[],"class_list":["post-1067","post","type-post","status-publish","format-standard","hentry","category-5e","category-portada"],"post_mailing_queue_ids":[],"_links":{"self":[{"href":"https:\/\/agora.xtec.cat\/ceipgranullarius\/wp-json\/wp\/v2\/posts\/1067","targetHints":{"allow":["GET"]}}],"collection":[{"href":"https:\/\/agora.xtec.cat\/ceipgranullarius\/wp-json\/wp\/v2\/posts"}],"about":[{"href":"https:\/\/agora.xtec.cat\/ceipgranullarius\/wp-json\/wp\/v2\/types\/post"}],"author":[{"embeddable":true,"href":"https:\/\/agora.xtec.cat\/ceipgranullarius\/wp-json\/wp\/v2\/users\/1"}],"replies":[{"embeddable":true,"href":"https:\/\/agora.xtec.cat\/ceipgranullarius\/wp-json\/wp\/v2\/comments?post=1067"}],"version-history":[{"count":2,"href":"https:\/\/agora.xtec.cat\/ceipgranullarius\/wp-json\/wp\/v2\/posts\/1067\/revisions"}],"predecessor-version":[{"id":1069,"href":"https:\/\/agora.xtec.cat\/ceipgranullarius\/wp-json\/wp\/v2\/posts\/1067\/revisions\/1069"}],"wp:attachment":[{"href":"https:\/\/agora.xtec.cat\/ceipgranullarius\/wp-json\/wp\/v2\/media?parent=1067"}],"wp:term":[{"taxonomy":"category","embeddable":true,"href":"https:\/\/agora.xtec.cat\/ceipgranullarius\/wp-json\/wp\/v2\/categories?post=1067"},{"taxonomy":"post_tag","embeddable":true,"href":"https:\/\/agora.xtec.cat\/ceipgranullarius\/wp-json\/wp\/v2\/tags?post=1067"}],"curies":[{"name":"wp","href":"https:\/\/api.w.org\/{rel}","templated":true}]}}