{"id":1041,"date":"2019-06-12T09:41:28","date_gmt":"2019-06-12T07:41:28","guid":{"rendered":"http:\/\/agora.xtec.cat\/ceipgranullarius\/?p=1041"},"modified":"2019-06-19T09:22:30","modified_gmt":"2019-06-19T07:22:30","slug":"tallers-de-families-_-berenenar-amb-la-merce","status":"publish","type":"post","link":"https:\/\/agora.xtec.cat\/ceipgranullarius\/general\/tallers-de-families-_-berenenar-amb-la-merce\/","title":{"rendered":"TALLERS DE FAM\u00cdLIES &#8211; BERENAR AMB LA MERC\u00c8"},"content":{"rendered":"<p>El divendres 7 de juny vam fer un berenar amb fam\u00edlies de l\u2019escola.<\/p>\n<p>Es va presentar un v\u00eddeo a on recull els diferents tallers de fam\u00edlies que hem fet al llarg del curs.<\/p>\n<p>Es va fer una valoraci\u00f3 dels tallers de fam\u00edlies que s\u2019han fet aquest curs:\u00a0 Taller de fruita, taller de decoraci\u00f3, taller de carnaval, taller de\u00a0 la castanyada&#8230; I tamb\u00e9 vam fer propostes de millora.<\/p>\n<p><strong>Valoracions:<\/strong><\/p>\n<ul>\n<li>La valoraci\u00f3 de les fam\u00edlies ha esta molt positiva de la participaci\u00f3 als diferents tallers.<\/li>\n<li>En poques setmanes es va acumular molta feina: decoraci\u00f3 i disfresses.<\/li>\n<li>Es va parlar de la import\u00e0ncia d\u2019una bona alimentaci\u00f3 i que era molt positiu que des de l\u2019escola es foment\u00e9s el bon h\u00e0bit de menjar fruita.<\/li>\n<\/ul>\n<p><strong>Propostes:<\/strong><\/p>\n<ul>\n<li>Fer un calendari amb totes les trobades dels tallers i aix\u00ed, tothom s\u2019assabenta de tot.<\/li>\n<li>Que el curs vinent poder fer extensiu el Programa de la Fruita fins a 3r.<\/li>\n<li>Fer un men\u00fa recomanable d\u2019esmorzars de tota la setmana.<\/li>\n<li>Fer trobades de fam\u00edlies tamb\u00e9 els caps de setmana com ho fan altres escoles.<\/li>\n<\/ul>\n<p><strong>Propostes generals:<\/strong><\/p>\n<ul>\n<li>Que l\u2019alumnat quan fan treballs a internet que no puguin accedir a Youtube.<\/li>\n<li>Fer Col\u00f2nies a tots els nivells.<\/li>\n<li>Els comunicats de l\u2019APP siguin amb poca lletra que es puguin llegir r\u00e0pid.<\/li>\n<li>Presentar tots els projectes que fem al centre a les reunions de fam\u00edlies d\u2019inici de curs.<\/li>\n<li>Fer xerrades dels mossos d\u2019esquadra sobre els usos dels m\u00f2bils.<\/li>\n<\/ul>\n<p>Vam passar una tarda molt agradable i sobretot agrair molt la participaci\u00f3 i la implicaci\u00f3 de les fam\u00edlies en tots els tallers que hem fet al llarg del curs.<\/p>\n<p><strong>MOLTES GR\u00c0CIES PER LA VOSTRA COL\u00b7LABORACI\u00d3!!!<\/strong><\/p>\n<p><strong>SEMPRE \u00c9S UN PLAER PODER COMPARTIR LES OPINIONS AMB LES FAM\u00cdLIES PER\u00a0 PODER MILLORAR LA NOSTRA ESCOLA!!<\/strong><\/p>\n<p><a href=\"https:\/\/photos.app.goo.gl\/uAVW6EkbHS8m6pB69\">\u00c0lbum de fotos.<\/a><\/p>\n","protected":false},"excerpt":{"rendered":"<p>El divendres 7 de juny vam fer un berenar amb fam\u00edlies de l\u2019escola.<br \/>\nEs va presentar un v\u00eddeo a on recull els diferents tallers de fam\u00edlies que hem fet al llarg del curs.<br \/>\nEs va fer una valoraci\u00f3 dels tallers de fam\u00edlies que s\u2019han fet aquest curs:\u00a0&hellip;  <a href=\"https:\/\/agora.xtec.cat\/ceipgranullarius\/general\/tallers-de-families-_-berenenar-amb-la-merce\/\" title=\"Read TALLERS DE FAM\u00cdLIES &#8211; BERENAR AMB LA MERC\u00c8\">Llegeix m\u00e9s\u00bb<\/a><\/p>\n","protected":false},"author":1,"featured_media":0,"comment_status":"closed","ping_status":"closed","sticky":false,"template":"","format":"standard","meta":{"_bbp_topic_count":0,"_bbp_reply_count":0,"_bbp_total_topic_count":0,"_bbp_total_reply_count":0,"_bbp_voice_count":0,"_bbp_anonymous_reply_count":0,"_bbp_topic_count_hidden":0,"_bbp_reply_count_hidden":0,"_bbp_forum_subforum_count":0,"footnotes":""},"categories":[1,4],"tags":[],"class_list":["post-1041","post","type-post","status-publish","format-standard","hentry","category-general","category-portada"],"post_mailing_queue_ids":[],"_links":{"self":[{"href":"https:\/\/agora.xtec.cat\/ceipgranullarius\/wp-json\/wp\/v2\/posts\/1041","targetHints":{"allow":["GET"]}}],"collection":[{"href":"https:\/\/agora.xtec.cat\/ceipgranullarius\/wp-json\/wp\/v2\/posts"}],"about":[{"href":"https:\/\/agora.xtec.cat\/ceipgranullarius\/wp-json\/wp\/v2\/types\/post"}],"author":[{"embeddable":true,"href":"https:\/\/agora.xtec.cat\/ceipgranullarius\/wp-json\/wp\/v2\/users\/1"}],"replies":[{"embeddable":true,"href":"https:\/\/agora.xtec.cat\/ceipgranullarius\/wp-json\/wp\/v2\/comments?post=1041"}],"version-history":[{"count":3,"href":"https:\/\/agora.xtec.cat\/ceipgranullarius\/wp-json\/wp\/v2\/posts\/1041\/revisions"}],"predecessor-version":[{"id":1056,"href":"https:\/\/agora.xtec.cat\/ceipgranullarius\/wp-json\/wp\/v2\/posts\/1041\/revisions\/1056"}],"wp:attachment":[{"href":"https:\/\/agora.xtec.cat\/ceipgranullarius\/wp-json\/wp\/v2\/media?parent=1041"}],"wp:term":[{"taxonomy":"category","embeddable":true,"href":"https:\/\/agora.xtec.cat\/ceipgranullarius\/wp-json\/wp\/v2\/categories?post=1041"},{"taxonomy":"post_tag","embeddable":true,"href":"https:\/\/agora.xtec.cat\/ceipgranullarius\/wp-json\/wp\/v2\/tags?post=1041"}],"curies":[{"name":"wp","href":"https:\/\/api.w.org\/{rel}","templated":true}]}}