{"id":1035,"date":"2019-06-12T09:32:21","date_gmt":"2019-06-12T07:32:21","guid":{"rendered":"http:\/\/agora.xtec.cat\/ceipgranullarius\/?p=1035"},"modified":"2019-06-12T09:32:21","modified_gmt":"2019-06-12T07:32:21","slug":"sortida-pere-tapies-p3","status":"publish","type":"post","link":"https:\/\/agora.xtec.cat\/ceipgranullarius\/educacio-infantil\/sortida-pere-tapies-p3\/","title":{"rendered":"SORTIDA PERE T\u00c0PIES P3"},"content":{"rendered":"<p>El 10 de maig, els nens i les nenes de P3 vam anar a la Fundaci\u00f3 T\u00e0pies. Vam aprofundir en el descobriment de l\u2019obra d\u2019Antoni T\u00e0pies en una visita dinamitzada per la Fundaci\u00f3.<\/p>\n<p>Ens ho vam passar molt b\u00e9!!!<\/p>\n<p><a href=\"https:\/\/photos.app.goo.gl\/19Niy8yPN99rSir47\">\u00c0lbum de fotos.<\/a><\/p>\n","protected":false},"excerpt":{"rendered":"<p>El 10 de maig, els nens i les nenes de P3 vam anar a la Fundaci\u00f3 T\u00e0pies. Vam aprofundir en el descobriment de l\u2019obra d\u2019Antoni T\u00e0pies en una visita dinamitzada per la Fundaci\u00f3.<br \/>\nEns ho vam passar molt b\u00e9!!!<br \/>\n<a href=\"https:\/\/photos.app.goo.gl\/19Niy8yPN99rSir47\">\u00c0lbum de fotos.<\/a><\/p>\n","protected":false},"author":1,"featured_media":0,"comment_status":"closed","ping_status":"closed","sticky":false,"template":"","format":"standard","meta":{"_bbp_topic_count":0,"_bbp_reply_count":0,"_bbp_total_topic_count":0,"_bbp_total_reply_count":0,"_bbp_voice_count":0,"_bbp_anonymous_reply_count":0,"_bbp_topic_count_hidden":0,"_bbp_reply_count_hidden":0,"_bbp_forum_subforum_count":0,"footnotes":""},"categories":[2,3,4],"tags":[],"class_list":["post-1035","post","type-post","status-publish","format-standard","hentry","category-educacio-infantil","category-i3","category-portada"],"post_mailing_queue_ids":[],"_links":{"self":[{"href":"https:\/\/agora.xtec.cat\/ceipgranullarius\/wp-json\/wp\/v2\/posts\/1035","targetHints":{"allow":["GET"]}}],"collection":[{"href":"https:\/\/agora.xtec.cat\/ceipgranullarius\/wp-json\/wp\/v2\/posts"}],"about":[{"href":"https:\/\/agora.xtec.cat\/ceipgranullarius\/wp-json\/wp\/v2\/types\/post"}],"author":[{"embeddable":true,"href":"https:\/\/agora.xtec.cat\/ceipgranullarius\/wp-json\/wp\/v2\/users\/1"}],"replies":[{"embeddable":true,"href":"https:\/\/agora.xtec.cat\/ceipgranullarius\/wp-json\/wp\/v2\/comments?post=1035"}],"version-history":[{"count":1,"href":"https:\/\/agora.xtec.cat\/ceipgranullarius\/wp-json\/wp\/v2\/posts\/1035\/revisions"}],"predecessor-version":[{"id":1036,"href":"https:\/\/agora.xtec.cat\/ceipgranullarius\/wp-json\/wp\/v2\/posts\/1035\/revisions\/1036"}],"wp:attachment":[{"href":"https:\/\/agora.xtec.cat\/ceipgranullarius\/wp-json\/wp\/v2\/media?parent=1035"}],"wp:term":[{"taxonomy":"category","embeddable":true,"href":"https:\/\/agora.xtec.cat\/ceipgranullarius\/wp-json\/wp\/v2\/categories?post=1035"},{"taxonomy":"post_tag","embeddable":true,"href":"https:\/\/agora.xtec.cat\/ceipgranullarius\/wp-json\/wp\/v2\/tags?post=1035"}],"curies":[{"name":"wp","href":"https:\/\/api.w.org\/{rel}","templated":true}]}}