{"id":1029,"date":"2019-06-12T09:24:36","date_gmt":"2019-06-12T07:24:36","guid":{"rendered":"http:\/\/agora.xtec.cat\/ceipgranullarius\/?p=1029"},"modified":"2019-06-12T09:24:36","modified_gmt":"2019-06-12T07:24:36","slug":"sant-jordi-2019-tallers-de-jeroglifics-5e-i-6e","status":"publish","type":"post","link":"https:\/\/agora.xtec.cat\/ceipgranullarius\/portada\/sant-jordi-2019-tallers-de-jeroglifics-5e-i-6e\/","title":{"rendered":"SANT JORDI 2019 Tallers de Jerogl\u00edfics 5\u00e8 i 6\u00e8"},"content":{"rendered":"<p>Al mat\u00ed de la diada de San Jordi, tots els cursos vam fer unes activitats a l\u2019aula. Els nens i nenes de cicle superior vam fer tallers de jerogl\u00edfics.<\/p>\n<p><a href=\"https:\/\/photos.app.goo.gl\/UEwk4cWhTxypQjQG6\">\u00c0lbum de fotos.<\/a><\/p>\n","protected":false},"excerpt":{"rendered":"<p>Al mat\u00ed de la diada de San Jordi, tots els cursos vam fer unes activitats a l\u2019aula. Els nens i nenes de cicle superior vam fer tallers de jerogl\u00edfics.<br \/>\n<a href=\"https:\/\/photos.app.goo.gl\/UEwk4cWhTxypQjQG6\">\u00c0lbum de fotos.<\/a><\/p>\n","protected":false},"author":1,"featured_media":0,"comment_status":"closed","ping_status":"closed","sticky":false,"template":"","format":"standard","meta":{"_bbp_topic_count":0,"_bbp_reply_count":0,"_bbp_total_topic_count":0,"_bbp_total_reply_count":0,"_bbp_voice_count":0,"_bbp_anonymous_reply_count":0,"_bbp_topic_count_hidden":0,"_bbp_reply_count_hidden":0,"_bbp_forum_subforum_count":0,"footnotes":""},"categories":[14,15,4],"tags":[],"class_list":["post-1029","post","type-post","status-publish","format-standard","hentry","category-5e","category-6e","category-portada"],"post_mailing_queue_ids":[],"_links":{"self":[{"href":"https:\/\/agora.xtec.cat\/ceipgranullarius\/wp-json\/wp\/v2\/posts\/1029","targetHints":{"allow":["GET"]}}],"collection":[{"href":"https:\/\/agora.xtec.cat\/ceipgranullarius\/wp-json\/wp\/v2\/posts"}],"about":[{"href":"https:\/\/agora.xtec.cat\/ceipgranullarius\/wp-json\/wp\/v2\/types\/post"}],"author":[{"embeddable":true,"href":"https:\/\/agora.xtec.cat\/ceipgranullarius\/wp-json\/wp\/v2\/users\/1"}],"replies":[{"embeddable":true,"href":"https:\/\/agora.xtec.cat\/ceipgranullarius\/wp-json\/wp\/v2\/comments?post=1029"}],"version-history":[{"count":1,"href":"https:\/\/agora.xtec.cat\/ceipgranullarius\/wp-json\/wp\/v2\/posts\/1029\/revisions"}],"predecessor-version":[{"id":1030,"href":"https:\/\/agora.xtec.cat\/ceipgranullarius\/wp-json\/wp\/v2\/posts\/1029\/revisions\/1030"}],"wp:attachment":[{"href":"https:\/\/agora.xtec.cat\/ceipgranullarius\/wp-json\/wp\/v2\/media?parent=1029"}],"wp:term":[{"taxonomy":"category","embeddable":true,"href":"https:\/\/agora.xtec.cat\/ceipgranullarius\/wp-json\/wp\/v2\/categories?post=1029"},{"taxonomy":"post_tag","embeddable":true,"href":"https:\/\/agora.xtec.cat\/ceipgranullarius\/wp-json\/wp\/v2\/tags?post=1029"}],"curies":[{"name":"wp","href":"https:\/\/api.w.org\/{rel}","templated":true}]}}