{"id":1027,"date":"2019-06-12T09:22:46","date_gmt":"2019-06-12T07:22:46","guid":{"rendered":"http:\/\/agora.xtec.cat\/ceipgranullarius\/?p=1027"},"modified":"2019-06-12T09:23:35","modified_gmt":"2019-06-12T07:23:35","slug":"sortida-parlament-de-catalunya-5e","status":"publish","type":"post","link":"https:\/\/agora.xtec.cat\/ceipgranullarius\/portada\/sortida-parlament-de-catalunya-5e\/","title":{"rendered":"Sortida Parlament de Catalunya 5\u00e8"},"content":{"rendered":"<p>Dilluns dia 20 de maig, l&#8217;alumnat de 5\u00e8 hem fet un Itinerari guiat pel Parlament de Catalunya: hist\u00f2ria, arquitectura, zones m\u00e9s importants&#8230; i tamb\u00e9 hem fet un treball d&#8217;observaci\u00f3 i descoberta de l\u2019entorn del Parlament. Ha estat un dia genial!!<\/p>\n<p><a href=\"https:\/\/photos.app.goo.gl\/qx7dm25osSq2JhLP9\">\u00c0lbum de fotos.<\/a><\/p>\n","protected":false},"excerpt":{"rendered":"<p>Dilluns dia 20 de maig, l&#8217;alumnat de 5\u00e8 hem fet un Itinerari guiat pel Parlament de Catalunya: hist\u00f2ria, arquitectura, zones m\u00e9s importants&#8230; i tamb\u00e9 hem fet un treball d&#8217;observaci\u00f3 i descoberta de l\u2019entorn del Parlament. Ha estat un dia genial!!<br \/>\n<a href=\"https:\/\/photos.app.goo.gl\/qx7dm25osSq2JhLP9\">\u00c0lbum de fotos.<\/a><\/p>\n","protected":false},"author":1,"featured_media":0,"comment_status":"closed","ping_status":"closed","sticky":false,"template":"","format":"standard","meta":{"_bbp_topic_count":0,"_bbp_reply_count":0,"_bbp_total_topic_count":0,"_bbp_total_reply_count":0,"_bbp_voice_count":0,"_bbp_anonymous_reply_count":0,"_bbp_topic_count_hidden":0,"_bbp_reply_count_hidden":0,"_bbp_forum_subforum_count":0,"footnotes":""},"categories":[14,4],"tags":[],"class_list":["post-1027","post","type-post","status-publish","format-standard","hentry","category-5e","category-portada"],"post_mailing_queue_ids":[],"_links":{"self":[{"href":"https:\/\/agora.xtec.cat\/ceipgranullarius\/wp-json\/wp\/v2\/posts\/1027","targetHints":{"allow":["GET"]}}],"collection":[{"href":"https:\/\/agora.xtec.cat\/ceipgranullarius\/wp-json\/wp\/v2\/posts"}],"about":[{"href":"https:\/\/agora.xtec.cat\/ceipgranullarius\/wp-json\/wp\/v2\/types\/post"}],"author":[{"embeddable":true,"href":"https:\/\/agora.xtec.cat\/ceipgranullarius\/wp-json\/wp\/v2\/users\/1"}],"replies":[{"embeddable":true,"href":"https:\/\/agora.xtec.cat\/ceipgranullarius\/wp-json\/wp\/v2\/comments?post=1027"}],"version-history":[{"count":1,"href":"https:\/\/agora.xtec.cat\/ceipgranullarius\/wp-json\/wp\/v2\/posts\/1027\/revisions"}],"predecessor-version":[{"id":1028,"href":"https:\/\/agora.xtec.cat\/ceipgranullarius\/wp-json\/wp\/v2\/posts\/1027\/revisions\/1028"}],"wp:attachment":[{"href":"https:\/\/agora.xtec.cat\/ceipgranullarius\/wp-json\/wp\/v2\/media?parent=1027"}],"wp:term":[{"taxonomy":"category","embeddable":true,"href":"https:\/\/agora.xtec.cat\/ceipgranullarius\/wp-json\/wp\/v2\/categories?post=1027"},{"taxonomy":"post_tag","embeddable":true,"href":"https:\/\/agora.xtec.cat\/ceipgranullarius\/wp-json\/wp\/v2\/tags?post=1027"}],"curies":[{"name":"wp","href":"https:\/\/api.w.org\/{rel}","templated":true}]}}