{"id":5617,"date":"2026-02-24T12:53:56","date_gmt":"2026-02-24T11:53:56","guid":{"rendered":"https:\/\/agora.xtec.cat\/ceipgranes\/?p=5617"},"modified":"2026-02-24T12:53:57","modified_gmt":"2026-02-24T11:53:57","slug":"celebrem-carnestoltes","status":"publish","type":"post","link":"https:\/\/agora.xtec.cat\/ceipgranes\/portada\/celebrem-carnestoltes\/","title":{"rendered":"CELEBREM CARNESTOLTES!"},"content":{"rendered":"<p>Un any m\u00e9s hem celebrat a l&#8217;escola la festa m\u00e9s esbojarrada del curs! Hem rebut la visita del Rei Carnestoltes que ens ha presentat unes consignes ben originals, hem preparat unes disfresses m\u00e0giques i hem celebrat l&#8217;espectacle del judici que han preparat els nois i noies de 5\u00e8, va ser tot un \u00e8xit!<\/p>\n<p>Divendres la festa va continuar de la m\u00e0 de l&#8217;AFA que va organitzar tallers, m\u00fasica i festa!<\/p>\n<p>Fins a l&#8217;any que ve estimat carnestoltes!<\/p>\n<p>&nbsp;<\/p>\n<p><a href=\"https:\/\/agora.xtec.cat\/ceipgranes\/portada\/celebrem-carnestoltes\/attachment\/img_6774\/\" rel=\"attachment wp-att-5618\"><img loading=\"lazy\" decoding=\"async\" class=\"alignleft size-full wp-image-5618\" src=\"https:\/\/agora.xtec.cat\/ceipgranes\/wp-content\/uploads\/usu608\/2026\/02\/IMG_6774.jpg\" alt=\"\" width=\"640\" height=\"480\" srcset=\"https:\/\/agora.xtec.cat\/ceipgranes\/wp-content\/uploads\/usu608\/2026\/02\/IMG_6774.jpg 640w, https:\/\/agora.xtec.cat\/ceipgranes\/wp-content\/uploads\/usu608\/2026\/02\/IMG_6774-300x225.jpg 300w, https:\/\/agora.xtec.cat\/ceipgranes\/wp-content\/uploads\/usu608\/2026\/02\/IMG_6774-200x150.jpg 200w\" sizes=\"auto, (max-width: 640px) 100vw, 640px\" \/><\/a><\/p>\n","protected":false},"excerpt":{"rendered":"<p>Un any m\u00e9s hem celebrat a l&#8217;escola la festa m\u00e9s esbojarrada del curs! Hem rebut la visita del Rei Carnestoltes que ens ha presentat unes consignes ben originals, hem preparat unes disfresses m\u00e0giques i hem celebrat l&#8217;espectacle del judici que han preparat els nois i&hellip;  <a href=\"https:\/\/agora.xtec.cat\/ceipgranes\/portada\/celebrem-carnestoltes\/\" title=\"Read CELEBREM CARNESTOLTES!\">Llegeix m\u00e9s\u00bb<\/a><\/p>\n","protected":false},"author":1,"featured_media":5618,"comment_status":"open","ping_status":"open","sticky":false,"template":"","format":"standard","meta":{"_bbp_topic_count":0,"_bbp_reply_count":0,"_bbp_total_topic_count":0,"_bbp_total_reply_count":0,"_bbp_voice_count":0,"_bbp_anonymous_reply_count":0,"_bbp_topic_count_hidden":0,"_bbp_reply_count_hidden":0,"_bbp_forum_subforum_count":0,"footnotes":""},"categories":[4],"tags":[],"class_list":["post-5617","post","type-post","status-publish","format-standard","has-post-thumbnail","hentry","category-portada"],"post_mailing_queue_ids":[],"_links":{"self":[{"href":"https:\/\/agora.xtec.cat\/ceipgranes\/wp-json\/wp\/v2\/posts\/5617","targetHints":{"allow":["GET"]}}],"collection":[{"href":"https:\/\/agora.xtec.cat\/ceipgranes\/wp-json\/wp\/v2\/posts"}],"about":[{"href":"https:\/\/agora.xtec.cat\/ceipgranes\/wp-json\/wp\/v2\/types\/post"}],"author":[{"embeddable":true,"href":"https:\/\/agora.xtec.cat\/ceipgranes\/wp-json\/wp\/v2\/users\/1"}],"replies":[{"embeddable":true,"href":"https:\/\/agora.xtec.cat\/ceipgranes\/wp-json\/wp\/v2\/comments?post=5617"}],"version-history":[{"count":2,"href":"https:\/\/agora.xtec.cat\/ceipgranes\/wp-json\/wp\/v2\/posts\/5617\/revisions"}],"predecessor-version":[{"id":5620,"href":"https:\/\/agora.xtec.cat\/ceipgranes\/wp-json\/wp\/v2\/posts\/5617\/revisions\/5620"}],"wp:featuredmedia":[{"embeddable":true,"href":"https:\/\/agora.xtec.cat\/ceipgranes\/wp-json\/wp\/v2\/media\/5618"}],"wp:attachment":[{"href":"https:\/\/agora.xtec.cat\/ceipgranes\/wp-json\/wp\/v2\/media?parent=5617"}],"wp:term":[{"taxonomy":"category","embeddable":true,"href":"https:\/\/agora.xtec.cat\/ceipgranes\/wp-json\/wp\/v2\/categories?post=5617"},{"taxonomy":"post_tag","embeddable":true,"href":"https:\/\/agora.xtec.cat\/ceipgranes\/wp-json\/wp\/v2\/tags?post=5617"}],"curies":[{"name":"wp","href":"https:\/\/api.w.org\/{rel}","templated":true}]}}