{"id":5608,"date":"2026-02-11T15:35:08","date_gmt":"2026-02-11T14:35:08","guid":{"rendered":"https:\/\/agora.xtec.cat\/ceipgranes\/?p=5608"},"modified":"2026-02-19T13:47:34","modified_gmt":"2026-02-19T12:47:34","slug":"espai-de-creacio-comunitaria-a-lescola","status":"publish","type":"post","link":"https:\/\/agora.xtec.cat\/ceipgranes\/portada\/espai-de-creacio-comunitaria-a-lescola\/","title":{"rendered":"Espai de creaci\u00f3 comunit\u00e0ria a l&#8217;escola!"},"content":{"rendered":"<div>\n<div>\n<p><b>L\u2019Estella, espais de creaci\u00f3 comunit\u00e0ria<\/b>\u00a0\u00e9s un projecte impulsat per les AFA de l\u2019Institut Pla Marcell, l\u2019Escola Gran\u00e9s i l\u2019Escola Can Manent, conjuntament amb l\u2019Associaci\u00f3 de Ve\u00efns i Ve\u00efnes de la Granada\u00a0\u00a0. Neix amb la voluntat d\u2019obrir els espais FaigLab de l\u2019Escola Gran\u00e9s i de l\u2019Institut Pla Marcell \u2014centres referents del projecte FAIG\u2014 a la comunitat i convertir-los en tallers compartits de creaci\u00f3, aprenentatge i innovaci\u00f3 social.<\/p>\n<\/div>\n<div>\n<p>El projecte ha rebut una subvenci\u00f3 que permet millorar i equipar els espais, adquirir materials i contractar una persona dinamitzadora que coordinar\u00e0 les activitats i garantir\u00e0 l\u2019obertura regular del taller.<\/p>\n<\/div>\n<div>\n<p>L\u2019Estella promou la reutilitzaci\u00f3 de materials, l\u2019economia circular, la igualtat d\u2019acc\u00e9s i una gesti\u00f3 participativa. Vol esdevenir un espai intergeneracional on infants, joves i adults puguin crear plegats i enfortir els vincles comunitaris.<\/p>\n<\/div>\n<div>\n<p>La presentaci\u00f3 p\u00fablica del projecte ser\u00e0 el\u00a0<b>dissabte 28 de febrer, de 10 a 13 h, a la pla\u00e7a Sant Corneli<\/b>, amb una festa oberta a tothom.<\/p>\n<\/div>\n<\/div>\n<div>Compartim amb vosaltres el cartell de la festa d&#8217;inauguraci\u00f3\u00a0i el de la proposta de recollida de joguines i objectes en des\u00fas.<\/div>\n<div><\/div>\n<div>Des de l&#8217;escola i l&#8217;AFA us animem a participar-hi!<\/div>\n<p><a href=\"https:\/\/agora.xtec.cat\/ceipgranes\/portada\/espai-de-creacio-comunitaria-a-lescola\/attachment\/festa-lestella\/\" rel=\"attachment wp-att-5609\"><img loading=\"lazy\" decoding=\"async\" class=\"alignleft size-full wp-image-5609\" src=\"https:\/\/agora.xtec.cat\/ceipgranes\/wp-content\/uploads\/usu608\/2026\/02\/festa-lestella.png\" alt=\"\" width=\"796\" height=\"1114\" srcset=\"https:\/\/agora.xtec.cat\/ceipgranes\/wp-content\/uploads\/usu608\/2026\/02\/festa-lestella.png 796w, https:\/\/agora.xtec.cat\/ceipgranes\/wp-content\/uploads\/usu608\/2026\/02\/festa-lestella-214x300.png 214w, https:\/\/agora.xtec.cat\/ceipgranes\/wp-content\/uploads\/usu608\/2026\/02\/festa-lestella-732x1024.png 732w, https:\/\/agora.xtec.cat\/ceipgranes\/wp-content\/uploads\/usu608\/2026\/02\/festa-lestella-768x1075.png 768w\" sizes=\"auto, (max-width: 796px) 100vw, 796px\" \/><\/a><\/p>\n","protected":false},"excerpt":{"rendered":"<p>L\u2019Estella, espais de creaci\u00f3 comunit\u00e0ria\u00a0\u00e9s un projecte impulsat per les AFA de l\u2019Institut Pla Marcell, l\u2019Escola Gran\u00e9s i l\u2019Escola Can Manent, conjuntament amb l\u2019Associaci\u00f3 de Ve\u00efns i Ve\u00efnes de la Granada\u00a0\u00a0. Neix amb la voluntat d\u2019obrir els espais FaigLab de l\u2019Escola Gran\u00e9s i de l\u2019Institut&hellip;  <a href=\"https:\/\/agora.xtec.cat\/ceipgranes\/portada\/espai-de-creacio-comunitaria-a-lescola\/\" title=\"Read Espai de creaci\u00f3 comunit\u00e0ria a l&#8217;escola!\">Llegeix m\u00e9s\u00bb<\/a><\/p>\n","protected":false},"author":1,"featured_media":5609,"comment_status":"open","ping_status":"open","sticky":false,"template":"","format":"standard","meta":{"_bbp_topic_count":0,"_bbp_reply_count":0,"_bbp_total_topic_count":0,"_bbp_total_reply_count":0,"_bbp_voice_count":0,"_bbp_anonymous_reply_count":0,"_bbp_topic_count_hidden":0,"_bbp_reply_count_hidden":0,"_bbp_forum_subforum_count":0,"footnotes":""},"categories":[4],"tags":[],"class_list":["post-5608","post","type-post","status-publish","format-standard","has-post-thumbnail","hentry","category-portada"],"post_mailing_queue_ids":[],"_links":{"self":[{"href":"https:\/\/agora.xtec.cat\/ceipgranes\/wp-json\/wp\/v2\/posts\/5608","targetHints":{"allow":["GET"]}}],"collection":[{"href":"https:\/\/agora.xtec.cat\/ceipgranes\/wp-json\/wp\/v2\/posts"}],"about":[{"href":"https:\/\/agora.xtec.cat\/ceipgranes\/wp-json\/wp\/v2\/types\/post"}],"author":[{"embeddable":true,"href":"https:\/\/agora.xtec.cat\/ceipgranes\/wp-json\/wp\/v2\/users\/1"}],"replies":[{"embeddable":true,"href":"https:\/\/agora.xtec.cat\/ceipgranes\/wp-json\/wp\/v2\/comments?post=5608"}],"version-history":[{"count":3,"href":"https:\/\/agora.xtec.cat\/ceipgranes\/wp-json\/wp\/v2\/posts\/5608\/revisions"}],"predecessor-version":[{"id":5612,"href":"https:\/\/agora.xtec.cat\/ceipgranes\/wp-json\/wp\/v2\/posts\/5608\/revisions\/5612"}],"wp:featuredmedia":[{"embeddable":true,"href":"https:\/\/agora.xtec.cat\/ceipgranes\/wp-json\/wp\/v2\/media\/5609"}],"wp:attachment":[{"href":"https:\/\/agora.xtec.cat\/ceipgranes\/wp-json\/wp\/v2\/media?parent=5608"}],"wp:term":[{"taxonomy":"category","embeddable":true,"href":"https:\/\/agora.xtec.cat\/ceipgranes\/wp-json\/wp\/v2\/categories?post=5608"},{"taxonomy":"post_tag","embeddable":true,"href":"https:\/\/agora.xtec.cat\/ceipgranes\/wp-json\/wp\/v2\/tags?post=5608"}],"curies":[{"name":"wp","href":"https:\/\/api.w.org\/{rel}","templated":true}]}}