{"id":5590,"date":"2026-01-30T13:12:08","date_gmt":"2026-01-30T12:12:08","guid":{"rendered":"https:\/\/agora.xtec.cat\/ceipgranes\/?p=5590"},"modified":"2026-01-30T13:12:08","modified_gmt":"2026-01-30T12:12:08","slug":"biblioteca-asterix","status":"publish","type":"post","link":"https:\/\/agora.xtec.cat\/ceipgranes\/portada\/biblioteca-asterix\/","title":{"rendered":"Biblioteca Ast\u00e8rix"},"content":{"rendered":"<p>E<span class=\"a_GcMg font-feature-liga-off font-feature-clig-off font-feature-calt-off text-decoration-none text-strikethrough-none\">strenem nova organitzaci\u00f3 de la nostra estimada biblioteca Ast\u00e8rix! Ara l\u2019espai \u00e9s m\u00e9s ampli, aprofitem m\u00e9s la llum i podem accedir amb m\u00e9s facilitat a tots els llibres que tant ens agraden!<\/span><\/p>\n<p><a href=\"https:\/\/agora.xtec.cat\/ceipgranes\/portada\/biblioteca-asterix\/attachment\/img_6727\/\" rel=\"attachment wp-att-5591\"><img loading=\"lazy\" decoding=\"async\" class=\"alignleft size-full wp-image-5591\" src=\"https:\/\/agora.xtec.cat\/ceipgranes\/wp-content\/uploads\/usu608\/2026\/01\/IMG_6727-scaled.jpg\" alt=\"\" width=\"2560\" height=\"1920\" srcset=\"https:\/\/agora.xtec.cat\/ceipgranes\/wp-content\/uploads\/usu608\/2026\/01\/IMG_6727-scaled.jpg 2560w, https:\/\/agora.xtec.cat\/ceipgranes\/wp-content\/uploads\/usu608\/2026\/01\/IMG_6727-300x225.jpg 300w, https:\/\/agora.xtec.cat\/ceipgranes\/wp-content\/uploads\/usu608\/2026\/01\/IMG_6727-1024x768.jpg 1024w, https:\/\/agora.xtec.cat\/ceipgranes\/wp-content\/uploads\/usu608\/2026\/01\/IMG_6727-768x576.jpg 768w, https:\/\/agora.xtec.cat\/ceipgranes\/wp-content\/uploads\/usu608\/2026\/01\/IMG_6727-1536x1152.jpg 1536w, https:\/\/agora.xtec.cat\/ceipgranes\/wp-content\/uploads\/usu608\/2026\/01\/IMG_6727-2048x1536.jpg 2048w, https:\/\/agora.xtec.cat\/ceipgranes\/wp-content\/uploads\/usu608\/2026\/01\/IMG_6727-200x150.jpg 200w\" sizes=\"auto, (max-width: 2560px) 100vw, 2560px\" \/><\/a><\/p>\n","protected":false},"excerpt":{"rendered":"<p>Estrenem nova organitzaci\u00f3 de la nostra estimada biblioteca Ast\u00e8rix! Ara l\u2019espai \u00e9s m\u00e9s ampli, aprofitem m\u00e9s la llum i podem accedir amb m\u00e9s facilitat a tots els llibres que tant ens agraden!<br \/>\n<a href=\"https:\/\/agora.xtec.cat\/ceipgranes\/portada\/biblioteca-asterix\/attachment\/img_6727\/\" rel=\"attachment wp-att-5591\"><\/a><\/p>\n","protected":false},"author":1,"featured_media":5591,"comment_status":"open","ping_status":"open","sticky":false,"template":"","format":"standard","meta":{"_bbp_topic_count":0,"_bbp_reply_count":0,"_bbp_total_topic_count":0,"_bbp_total_reply_count":0,"_bbp_voice_count":0,"_bbp_anonymous_reply_count":0,"_bbp_topic_count_hidden":0,"_bbp_reply_count_hidden":0,"_bbp_forum_subforum_count":0,"footnotes":""},"categories":[4],"tags":[],"class_list":["post-5590","post","type-post","status-publish","format-standard","has-post-thumbnail","hentry","category-portada"],"post_mailing_queue_ids":[],"_links":{"self":[{"href":"https:\/\/agora.xtec.cat\/ceipgranes\/wp-json\/wp\/v2\/posts\/5590","targetHints":{"allow":["GET"]}}],"collection":[{"href":"https:\/\/agora.xtec.cat\/ceipgranes\/wp-json\/wp\/v2\/posts"}],"about":[{"href":"https:\/\/agora.xtec.cat\/ceipgranes\/wp-json\/wp\/v2\/types\/post"}],"author":[{"embeddable":true,"href":"https:\/\/agora.xtec.cat\/ceipgranes\/wp-json\/wp\/v2\/users\/1"}],"replies":[{"embeddable":true,"href":"https:\/\/agora.xtec.cat\/ceipgranes\/wp-json\/wp\/v2\/comments?post=5590"}],"version-history":[{"count":2,"href":"https:\/\/agora.xtec.cat\/ceipgranes\/wp-json\/wp\/v2\/posts\/5590\/revisions"}],"predecessor-version":[{"id":5593,"href":"https:\/\/agora.xtec.cat\/ceipgranes\/wp-json\/wp\/v2\/posts\/5590\/revisions\/5593"}],"wp:featuredmedia":[{"embeddable":true,"href":"https:\/\/agora.xtec.cat\/ceipgranes\/wp-json\/wp\/v2\/media\/5591"}],"wp:attachment":[{"href":"https:\/\/agora.xtec.cat\/ceipgranes\/wp-json\/wp\/v2\/media?parent=5590"}],"wp:term":[{"taxonomy":"category","embeddable":true,"href":"https:\/\/agora.xtec.cat\/ceipgranes\/wp-json\/wp\/v2\/categories?post=5590"},{"taxonomy":"post_tag","embeddable":true,"href":"https:\/\/agora.xtec.cat\/ceipgranes\/wp-json\/wp\/v2\/tags?post=5590"}],"curies":[{"name":"wp","href":"https:\/\/api.w.org\/{rel}","templated":true}]}}