{"id":5585,"date":"2026-01-30T13:09:10","date_gmt":"2026-01-30T12:09:10","guid":{"rendered":"https:\/\/agora.xtec.cat\/ceipgranes\/?p=5585"},"modified":"2026-01-30T13:09:10","modified_gmt":"2026-01-30T12:09:10","slug":"latelier-sera","status":"publish","type":"post","link":"https:\/\/agora.xtec.cat\/ceipgranes\/portada\/latelier-sera\/","title":{"rendered":"L&#8217;Atelier ser\u00e0&#8230;."},"content":{"rendered":"<p class=\"cvGsUA direction-ltr align-justify para-style-body\"><span class=\"a_GcMg font-feature-liga-off font-feature-clig-off font-feature-calt-off text-decoration-none text-strikethrough-none\">Ja tenim tema escollit per l\u2019Atelier!<\/span><\/p>\n<p class=\"cvGsUA direction-ltr align-justify para-style-body\"><span class=\"a_GcMg font-feature-liga-off font-feature-clig-off font-feature-calt-off text-decoration-none text-strikethrough-none\">Despr\u00e9s de dies mirant, imaginant i compartint tenim bones not\u00edcies! La m\u00e0gia de l\u2019Atelier ens portar\u00e0 a l\u2019espai! Cordeu-vos els cinturons que aix\u00f2 est\u00e0 a punt d\u2019enlairar-se!<\/span><\/p>\n<p><a href=\"https:\/\/agora.xtec.cat\/ceipgranes\/portada\/latelier-sera\/attachment\/img_20251107_163531-1\/\" rel=\"attachment wp-att-5586\"><img loading=\"lazy\" decoding=\"async\" class=\"alignleft size-full wp-image-5586\" src=\"https:\/\/agora.xtec.cat\/ceipgranes\/wp-content\/uploads\/usu608\/2026\/01\/IMG_20251107_163531-1-scaled.jpg\" alt=\"\" width=\"2560\" height=\"1928\" srcset=\"https:\/\/agora.xtec.cat\/ceipgranes\/wp-content\/uploads\/usu608\/2026\/01\/IMG_20251107_163531-1-scaled.jpg 2560w, https:\/\/agora.xtec.cat\/ceipgranes\/wp-content\/uploads\/usu608\/2026\/01\/IMG_20251107_163531-1-300x226.jpg 300w, https:\/\/agora.xtec.cat\/ceipgranes\/wp-content\/uploads\/usu608\/2026\/01\/IMG_20251107_163531-1-1024x771.jpg 1024w, https:\/\/agora.xtec.cat\/ceipgranes\/wp-content\/uploads\/usu608\/2026\/01\/IMG_20251107_163531-1-768x578.jpg 768w, https:\/\/agora.xtec.cat\/ceipgranes\/wp-content\/uploads\/usu608\/2026\/01\/IMG_20251107_163531-1-1536x1157.jpg 1536w, https:\/\/agora.xtec.cat\/ceipgranes\/wp-content\/uploads\/usu608\/2026\/01\/IMG_20251107_163531-1-2048x1542.jpg 2048w, https:\/\/agora.xtec.cat\/ceipgranes\/wp-content\/uploads\/usu608\/2026\/01\/IMG_20251107_163531-1-200x150.jpg 200w\" sizes=\"auto, (max-width: 2560px) 100vw, 2560px\" \/><\/a><\/p>\n","protected":false},"excerpt":{"rendered":"<p>Ja tenim tema escollit per l\u2019Atelier!<br \/>\nDespr\u00e9s de dies mirant, imaginant i compartint tenim bones not\u00edcies! La m\u00e0gia de l\u2019Atelier ens portar\u00e0 a l\u2019espai! Cordeu-vos els cinturons que aix\u00f2 est\u00e0 a punt d\u2019enlairar-se!<br \/>\n<a href=\"https:\/\/agora.xtec.cat\/ceipgranes\/portada\/latelier-sera\/attachment\/img_20251107_163531-1\/\" rel=\"attachment wp-att-5586\"><\/a><\/p>\n","protected":false},"author":1,"featured_media":5586,"comment_status":"open","ping_status":"open","sticky":false,"template":"","format":"standard","meta":{"_bbp_topic_count":0,"_bbp_reply_count":0,"_bbp_total_topic_count":0,"_bbp_total_reply_count":0,"_bbp_voice_count":0,"_bbp_anonymous_reply_count":0,"_bbp_topic_count_hidden":0,"_bbp_reply_count_hidden":0,"_bbp_forum_subforum_count":0,"footnotes":""},"categories":[4],"tags":[],"class_list":["post-5585","post","type-post","status-publish","format-standard","has-post-thumbnail","hentry","category-portada"],"post_mailing_queue_ids":[],"_links":{"self":[{"href":"https:\/\/agora.xtec.cat\/ceipgranes\/wp-json\/wp\/v2\/posts\/5585","targetHints":{"allow":["GET"]}}],"collection":[{"href":"https:\/\/agora.xtec.cat\/ceipgranes\/wp-json\/wp\/v2\/posts"}],"about":[{"href":"https:\/\/agora.xtec.cat\/ceipgranes\/wp-json\/wp\/v2\/types\/post"}],"author":[{"embeddable":true,"href":"https:\/\/agora.xtec.cat\/ceipgranes\/wp-json\/wp\/v2\/users\/1"}],"replies":[{"embeddable":true,"href":"https:\/\/agora.xtec.cat\/ceipgranes\/wp-json\/wp\/v2\/comments?post=5585"}],"version-history":[{"count":2,"href":"https:\/\/agora.xtec.cat\/ceipgranes\/wp-json\/wp\/v2\/posts\/5585\/revisions"}],"predecessor-version":[{"id":5588,"href":"https:\/\/agora.xtec.cat\/ceipgranes\/wp-json\/wp\/v2\/posts\/5585\/revisions\/5588"}],"wp:featuredmedia":[{"embeddable":true,"href":"https:\/\/agora.xtec.cat\/ceipgranes\/wp-json\/wp\/v2\/media\/5586"}],"wp:attachment":[{"href":"https:\/\/agora.xtec.cat\/ceipgranes\/wp-json\/wp\/v2\/media?parent=5585"}],"wp:term":[{"taxonomy":"category","embeddable":true,"href":"https:\/\/agora.xtec.cat\/ceipgranes\/wp-json\/wp\/v2\/categories?post=5585"},{"taxonomy":"post_tag","embeddable":true,"href":"https:\/\/agora.xtec.cat\/ceipgranes\/wp-json\/wp\/v2\/tags?post=5585"}],"curies":[{"name":"wp","href":"https:\/\/api.w.org\/{rel}","templated":true}]}}