{"id":5570,"date":"2026-01-30T11:31:16","date_gmt":"2026-01-30T10:31:16","guid":{"rendered":"https:\/\/agora.xtec.cat\/ceipgranes\/?p=5570"},"modified":"2026-01-30T11:31:58","modified_gmt":"2026-01-30T10:31:58","slug":"comencem-natacio","status":"publish","type":"post","link":"https:\/\/agora.xtec.cat\/ceipgranes\/portada\/comencem-natacio\/","title":{"rendered":"COMENCEM NATACI\u00d3!"},"content":{"rendered":"<p><a href=\"https:\/\/agora.xtec.cat\/ceipgranes\/general\/comencem-natacio\/attachment\/aaec7f23-ccac-4d28-bc48-61b0b42b0293-1\/\" rel=\"attachment wp-att-5571\"><img loading=\"lazy\" decoding=\"async\" class=\"alignleft wp-image-5571\" src=\"https:\/\/agora.xtec.cat\/ceipgranes\/wp-content\/uploads\/usu608\/2026\/01\/aaec7f23-ccac-4d28-bc48-61b0b42b0293-1.jpg\" alt=\"\" width=\"1112\" height=\"834\" srcset=\"https:\/\/agora.xtec.cat\/ceipgranes\/wp-content\/uploads\/usu608\/2026\/01\/aaec7f23-ccac-4d28-bc48-61b0b42b0293-1.jpg 1600w, https:\/\/agora.xtec.cat\/ceipgranes\/wp-content\/uploads\/usu608\/2026\/01\/aaec7f23-ccac-4d28-bc48-61b0b42b0293-1-300x225.jpg 300w, https:\/\/agora.xtec.cat\/ceipgranes\/wp-content\/uploads\/usu608\/2026\/01\/aaec7f23-ccac-4d28-bc48-61b0b42b0293-1-1024x768.jpg 1024w, https:\/\/agora.xtec.cat\/ceipgranes\/wp-content\/uploads\/usu608\/2026\/01\/aaec7f23-ccac-4d28-bc48-61b0b42b0293-1-768x576.jpg 768w, https:\/\/agora.xtec.cat\/ceipgranes\/wp-content\/uploads\/usu608\/2026\/01\/aaec7f23-ccac-4d28-bc48-61b0b42b0293-1-1536x1152.jpg 1536w, https:\/\/agora.xtec.cat\/ceipgranes\/wp-content\/uploads\/usu608\/2026\/01\/aaec7f23-ccac-4d28-bc48-61b0b42b0293-1-200x150.jpg 200w\" sizes=\"auto, (max-width: 1112px) 100vw, 1112px\" \/><\/a><\/p>\n<p>&nbsp;<\/p>\n<p>&nbsp;<\/p>\n<p>&nbsp;<\/p>\n<p>&nbsp;<\/p>\n<p>&nbsp;<\/p>\n<p>&nbsp;<\/p>\n<p>&nbsp;<\/p>\n<p>&nbsp;<\/p>\n<p>&nbsp;<\/p>\n<p>&nbsp;<\/p>\n<p>&nbsp;<\/p>\n<p>&nbsp;<\/p>\n<p>&nbsp;<\/p>\n<p>&nbsp;<\/p>\n<p>&nbsp;<\/p>\n<p>Els nens i nenes de la classe de les \u00d2libes estem molt emocionats i emocionades perqu\u00e8 hem comen\u00e7at a anar a la piscina del Gim10 a fer activitats ben divertides per practicar la nataci\u00f3, un esport que ens encanta!<\/p>\n","protected":false},"excerpt":{"rendered":"<p><a href=\"https:\/\/agora.xtec.cat\/ceipgranes\/general\/comencem-natacio\/attachment\/aaec7f23-ccac-4d28-bc48-61b0b42b0293-1\/\" rel=\"attachment wp-att-5571\"><\/a><br \/>\n&nbsp;<br \/>\n&nbsp;<br \/>\n&nbsp;<br \/>\n&nbsp;<br \/>\n&nbsp;<br \/>\n&nbsp;<br \/>\n&nbsp;<br \/>\n&nbsp;<br \/>\n&nbsp;<br \/>\n&nbsp;<br \/>\n&nbsp;<br \/>\n&nbsp;<br \/>\n&nbsp;<br \/>\n&nbsp;<br \/>\n&nbsp;<br \/>\nEls nens i nenes de la classe de les \u00d2libes estem molt emocionats i emocionades perqu\u00e8 hem comen\u00e7at a anar a la piscina del Gim10 a fer activitats ben divertides per practicar la nataci\u00f3, un esport que ens encanta!<\/p>\n","protected":false},"author":1,"featured_media":5571,"comment_status":"open","ping_status":"open","sticky":false,"template":"","format":"standard","meta":{"_bbp_topic_count":0,"_bbp_reply_count":0,"_bbp_total_topic_count":0,"_bbp_total_reply_count":0,"_bbp_voice_count":0,"_bbp_anonymous_reply_count":0,"_bbp_topic_count_hidden":0,"_bbp_reply_count_hidden":0,"_bbp_forum_subforum_count":0,"footnotes":""},"categories":[4],"tags":[],"class_list":["post-5570","post","type-post","status-publish","format-standard","has-post-thumbnail","hentry","category-portada"],"post_mailing_queue_ids":[],"_links":{"self":[{"href":"https:\/\/agora.xtec.cat\/ceipgranes\/wp-json\/wp\/v2\/posts\/5570","targetHints":{"allow":["GET"]}}],"collection":[{"href":"https:\/\/agora.xtec.cat\/ceipgranes\/wp-json\/wp\/v2\/posts"}],"about":[{"href":"https:\/\/agora.xtec.cat\/ceipgranes\/wp-json\/wp\/v2\/types\/post"}],"author":[{"embeddable":true,"href":"https:\/\/agora.xtec.cat\/ceipgranes\/wp-json\/wp\/v2\/users\/1"}],"replies":[{"embeddable":true,"href":"https:\/\/agora.xtec.cat\/ceipgranes\/wp-json\/wp\/v2\/comments?post=5570"}],"version-history":[{"count":3,"href":"https:\/\/agora.xtec.cat\/ceipgranes\/wp-json\/wp\/v2\/posts\/5570\/revisions"}],"predecessor-version":[{"id":5574,"href":"https:\/\/agora.xtec.cat\/ceipgranes\/wp-json\/wp\/v2\/posts\/5570\/revisions\/5574"}],"wp:featuredmedia":[{"embeddable":true,"href":"https:\/\/agora.xtec.cat\/ceipgranes\/wp-json\/wp\/v2\/media\/5571"}],"wp:attachment":[{"href":"https:\/\/agora.xtec.cat\/ceipgranes\/wp-json\/wp\/v2\/media?parent=5570"}],"wp:term":[{"taxonomy":"category","embeddable":true,"href":"https:\/\/agora.xtec.cat\/ceipgranes\/wp-json\/wp\/v2\/categories?post=5570"},{"taxonomy":"post_tag","embeddable":true,"href":"https:\/\/agora.xtec.cat\/ceipgranes\/wp-json\/wp\/v2\/tags?post=5570"}],"curies":[{"name":"wp","href":"https:\/\/api.w.org\/{rel}","templated":true}]}}