{"id":5533,"date":"2025-12-04T11:40:02","date_gmt":"2025-12-04T10:40:02","guid":{"rendered":"https:\/\/agora.xtec.cat\/ceipgranes\/?p=5533"},"modified":"2025-12-04T16:33:14","modified_gmt":"2025-12-04T15:33:14","slug":"la-festa-de-la-musica-2","status":"publish","type":"post","link":"https:\/\/agora.xtec.cat\/ceipgranes\/portada\/la-festa-de-la-musica-2\/","title":{"rendered":"LA FESTA DE LA M\u00daSICA!"},"content":{"rendered":"<p class=\"cvGsUA direction-ltr align-justify para-style-body\"><span class=\"a_GcMg font-feature-liga-off font-feature-clig-off font-feature-calt-off text-decoration-none text-strikethrough-none\">Santa Cec\u00edlia \u00e9s una de les festes m\u00e9s representatives de la nostra escola, tota la comunitat participa d\u2019alguna manera a l\u2019espectacle fent que sigui un dia ben especial.<\/span><\/p>\n<p class=\"cvGsUA direction-ltr align-justify para-style-body\"><span class=\"a_GcMg font-feature-liga-off font-feature-clig-off font-feature-calt-off text-decoration-none text-strikethrough-none\">La hist\u00f2ria ha girat al voltant dels Noni Noni, un equip que buscava respostes a les moltes preguntes que anaven trobant en aquest gran cam\u00ed que \u00e9s la vida.<\/span> <span class=\"a_GcMg font-feature-liga-off font-feature-clig-off font-feature-calt-off text-decoration-none text-strikethrough-none\">Infinitament agra\u00efts a tots i totes els\/les que vau fer possible aquest dia tan bonic!<\/span><\/p>\n<p class=\"cvGsUA direction-ltr align-justify para-style-body\"><span class=\"a_GcMg font-feature-liga-off font-feature-clig-off font-feature-calt-off text-decoration-none text-strikethrough-none\">M\u00fasica en directe, can\u00e7ons, moviment, teatre&#8230; tots els ingredients per aquesta recepta musical tan esperada!<\/span><\/p>\n","protected":false},"excerpt":{"rendered":"<p>Santa Cec\u00edlia \u00e9s una de les festes m\u00e9s representatives de la nostra escola, tota la comunitat participa d\u2019alguna manera a l\u2019espectacle fent que sigui un dia ben especial.<br \/>\nLa hist\u00f2ria ha girat al voltant dels Noni Noni, un equip que buscava respostes a les moltes preguntes&hellip;  <a href=\"https:\/\/agora.xtec.cat\/ceipgranes\/portada\/la-festa-de-la-musica-2\/\" title=\"Read LA FESTA DE LA M\u00daSICA!\">Llegeix m\u00e9s\u00bb<\/a><\/p>\n","protected":false},"author":1,"featured_media":5534,"comment_status":"open","ping_status":"open","sticky":false,"template":"","format":"standard","meta":{"_bbp_topic_count":0,"_bbp_reply_count":0,"_bbp_total_topic_count":0,"_bbp_total_reply_count":0,"_bbp_voice_count":0,"_bbp_anonymous_reply_count":0,"_bbp_topic_count_hidden":0,"_bbp_reply_count_hidden":0,"_bbp_forum_subforum_count":0,"footnotes":""},"categories":[4],"tags":[],"class_list":["post-5533","post","type-post","status-publish","format-standard","has-post-thumbnail","hentry","category-portada"],"post_mailing_queue_ids":[],"_links":{"self":[{"href":"https:\/\/agora.xtec.cat\/ceipgranes\/wp-json\/wp\/v2\/posts\/5533","targetHints":{"allow":["GET"]}}],"collection":[{"href":"https:\/\/agora.xtec.cat\/ceipgranes\/wp-json\/wp\/v2\/posts"}],"about":[{"href":"https:\/\/agora.xtec.cat\/ceipgranes\/wp-json\/wp\/v2\/types\/post"}],"author":[{"embeddable":true,"href":"https:\/\/agora.xtec.cat\/ceipgranes\/wp-json\/wp\/v2\/users\/1"}],"replies":[{"embeddable":true,"href":"https:\/\/agora.xtec.cat\/ceipgranes\/wp-json\/wp\/v2\/comments?post=5533"}],"version-history":[{"count":2,"href":"https:\/\/agora.xtec.cat\/ceipgranes\/wp-json\/wp\/v2\/posts\/5533\/revisions"}],"predecessor-version":[{"id":5536,"href":"https:\/\/agora.xtec.cat\/ceipgranes\/wp-json\/wp\/v2\/posts\/5533\/revisions\/5536"}],"wp:featuredmedia":[{"embeddable":true,"href":"https:\/\/agora.xtec.cat\/ceipgranes\/wp-json\/wp\/v2\/media\/5534"}],"wp:attachment":[{"href":"https:\/\/agora.xtec.cat\/ceipgranes\/wp-json\/wp\/v2\/media?parent=5533"}],"wp:term":[{"taxonomy":"category","embeddable":true,"href":"https:\/\/agora.xtec.cat\/ceipgranes\/wp-json\/wp\/v2\/categories?post=5533"},{"taxonomy":"post_tag","embeddable":true,"href":"https:\/\/agora.xtec.cat\/ceipgranes\/wp-json\/wp\/v2\/tags?post=5533"}],"curies":[{"name":"wp","href":"https:\/\/api.w.org\/{rel}","templated":true}]}}