{"id":5524,"date":"2025-11-05T08:45:37","date_gmt":"2025-11-05T07:45:37","guid":{"rendered":"https:\/\/agora.xtec.cat\/ceipgranes\/?p=5524"},"modified":"2025-11-05T08:45:37","modified_gmt":"2025-11-05T07:45:37","slug":"la-castanyera-ja-ha-arribat","status":"publish","type":"post","link":"https:\/\/agora.xtec.cat\/ceipgranes\/portada\/la-castanyera-ja-ha-arribat\/","title":{"rendered":"LA CASTANYERA JA HA ARRIBAT!"},"content":{"rendered":"<p class=\"cvGsUA direction-ltr align-justify para-style-body\"><span class=\"a_GcMg font-feature-liga-off font-feature-clig-off font-feature-calt-off text-decoration-none text-strikethrough-none\">Un cop m\u00e9s hem rebut la visita de dos personatges il\u00b7lustres de la tardor&#8230; la Castanyera i Mr Halloween! I com com no podia ser d\u2019una altra manera els nois i noies de sis\u00e8 els han preparat una fant\u00e0stica rebuda amb un concurs ben especial i original al mateix temps, qui ser\u00e0 l\u2019escollida aquesta tardor&#8230;. Benvinguts i benvingudes a la gran festa de la castanyada del Gran\u00e9s!<\/span><\/p>\n<p class=\"cvGsUA direction-ltr align-justify para-style-body\"><span class=\"a_GcMg font-feature-liga-off font-feature-clig-off font-feature-calt-off text-decoration-none text-strikethrough-none\">Molt agra\u00efts a les fam\u00edlies volunt\u00e0ries que han torrat castanyes, est\u00e0ven bon\u00edssimes!<\/span><\/p>\n<p class=\"cvGsUA direction-ltr align-justify para-style-body\"><span class=\"a_GcMg font-feature-liga-off font-feature-clig-off font-feature-calt-off text-decoration-none text-strikethrough-none\">I com comen\u00e7a a ser tradici\u00f3 Gran\u00e9s, la festa s\u2019ha allargat a la tarda, l\u2019AFA de l\u2019escola ens ha preparat mooooltes sopreses!<\/span><\/p>\n<p><a href=\"https:\/\/agora.xtec.cat\/ceipgranes\/portada\/la-castanyera-ja-ha-arribat\/attachment\/photo-2025-11-04-16-15-54-3\/\" rel=\"attachment wp-att-5525\"><img loading=\"lazy\" decoding=\"async\" class=\"alignleft size-full wp-image-5525\" src=\"https:\/\/agora.xtec.cat\/ceipgranes\/wp-content\/uploads\/usu608\/2025\/11\/PHOTO-2025-11-04-16-15-54-3.jpg\" alt=\"\" width=\"1600\" height=\"1200\" srcset=\"https:\/\/agora.xtec.cat\/ceipgranes\/wp-content\/uploads\/usu608\/2025\/11\/PHOTO-2025-11-04-16-15-54-3.jpg 1600w, https:\/\/agora.xtec.cat\/ceipgranes\/wp-content\/uploads\/usu608\/2025\/11\/PHOTO-2025-11-04-16-15-54-3-300x225.jpg 300w, https:\/\/agora.xtec.cat\/ceipgranes\/wp-content\/uploads\/usu608\/2025\/11\/PHOTO-2025-11-04-16-15-54-3-1024x768.jpg 1024w, https:\/\/agora.xtec.cat\/ceipgranes\/wp-content\/uploads\/usu608\/2025\/11\/PHOTO-2025-11-04-16-15-54-3-768x576.jpg 768w, https:\/\/agora.xtec.cat\/ceipgranes\/wp-content\/uploads\/usu608\/2025\/11\/PHOTO-2025-11-04-16-15-54-3-1536x1152.jpg 1536w, https:\/\/agora.xtec.cat\/ceipgranes\/wp-content\/uploads\/usu608\/2025\/11\/PHOTO-2025-11-04-16-15-54-3-200x150.jpg 200w\" sizes=\"auto, (max-width: 1600px) 100vw, 1600px\" \/><\/a> <a href=\"https:\/\/agora.xtec.cat\/ceipgranes\/portada\/la-castanyera-ja-ha-arribat\/attachment\/photo-2025-11-04-16-15-54-2\/\" rel=\"attachment wp-att-5526\"><img loading=\"lazy\" decoding=\"async\" class=\"alignleft size-full wp-image-5526\" src=\"https:\/\/agora.xtec.cat\/ceipgranes\/wp-content\/uploads\/usu608\/2025\/11\/PHOTO-2025-11-04-16-15-54-2.jpg\" alt=\"\" width=\"1600\" height=\"1200\" srcset=\"https:\/\/agora.xtec.cat\/ceipgranes\/wp-content\/uploads\/usu608\/2025\/11\/PHOTO-2025-11-04-16-15-54-2.jpg 1600w, https:\/\/agora.xtec.cat\/ceipgranes\/wp-content\/uploads\/usu608\/2025\/11\/PHOTO-2025-11-04-16-15-54-2-300x225.jpg 300w, https:\/\/agora.xtec.cat\/ceipgranes\/wp-content\/uploads\/usu608\/2025\/11\/PHOTO-2025-11-04-16-15-54-2-1024x768.jpg 1024w, https:\/\/agora.xtec.cat\/ceipgranes\/wp-content\/uploads\/usu608\/2025\/11\/PHOTO-2025-11-04-16-15-54-2-768x576.jpg 768w, https:\/\/agora.xtec.cat\/ceipgranes\/wp-content\/uploads\/usu608\/2025\/11\/PHOTO-2025-11-04-16-15-54-2-1536x1152.jpg 1536w, https:\/\/agora.xtec.cat\/ceipgranes\/wp-content\/uploads\/usu608\/2025\/11\/PHOTO-2025-11-04-16-15-54-2-200x150.jpg 200w\" sizes=\"auto, (max-width: 1600px) 100vw, 1600px\" \/><\/a> <a href=\"https:\/\/agora.xtec.cat\/ceipgranes\/portada\/la-castanyera-ja-ha-arribat\/attachment\/photo-2025-10-30-16-45-45-2\/\" rel=\"attachment wp-att-5527\"><img loading=\"lazy\" decoding=\"async\" class=\"alignleft size-full wp-image-5527\" src=\"https:\/\/agora.xtec.cat\/ceipgranes\/wp-content\/uploads\/usu608\/2025\/11\/PHOTO-2025-10-30-16-45-45-2.jpg\" alt=\"\" width=\"1536\" height=\"2048\" srcset=\"https:\/\/agora.xtec.cat\/ceipgranes\/wp-content\/uploads\/usu608\/2025\/11\/PHOTO-2025-10-30-16-45-45-2.jpg 1536w, https:\/\/agora.xtec.cat\/ceipgranes\/wp-content\/uploads\/usu608\/2025\/11\/PHOTO-2025-10-30-16-45-45-2-225x300.jpg 225w, https:\/\/agora.xtec.cat\/ceipgranes\/wp-content\/uploads\/usu608\/2025\/11\/PHOTO-2025-10-30-16-45-45-2-768x1024.jpg 768w, https:\/\/agora.xtec.cat\/ceipgranes\/wp-content\/uploads\/usu608\/2025\/11\/PHOTO-2025-10-30-16-45-45-2-1152x1536.jpg 1152w\" sizes=\"auto, (max-width: 1536px) 100vw, 1536px\" \/><\/a><\/p>\n","protected":false},"excerpt":{"rendered":"<p>Un cop m\u00e9s hem rebut la visita de dos personatges il\u00b7lustres de la tardor&#8230; la Castanyera i Mr Halloween! I com com no podia ser d\u2019una altra manera els nois i noies de sis\u00e8 els han preparat una fant\u00e0stica rebuda amb un concurs ben especial&hellip;  <a href=\"https:\/\/agora.xtec.cat\/ceipgranes\/portada\/la-castanyera-ja-ha-arribat\/\" title=\"Read LA CASTANYERA JA HA ARRIBAT!\">Llegeix m\u00e9s\u00bb<\/a><\/p>\n","protected":false},"author":1,"featured_media":5527,"comment_status":"open","ping_status":"open","sticky":false,"template":"","format":"standard","meta":{"_bbp_topic_count":0,"_bbp_reply_count":0,"_bbp_total_topic_count":0,"_bbp_total_reply_count":0,"_bbp_voice_count":0,"_bbp_anonymous_reply_count":0,"_bbp_topic_count_hidden":0,"_bbp_reply_count_hidden":0,"_bbp_forum_subforum_count":0,"footnotes":""},"categories":[4],"tags":[],"class_list":["post-5524","post","type-post","status-publish","format-standard","has-post-thumbnail","hentry","category-portada"],"post_mailing_queue_ids":[],"_links":{"self":[{"href":"https:\/\/agora.xtec.cat\/ceipgranes\/wp-json\/wp\/v2\/posts\/5524","targetHints":{"allow":["GET"]}}],"collection":[{"href":"https:\/\/agora.xtec.cat\/ceipgranes\/wp-json\/wp\/v2\/posts"}],"about":[{"href":"https:\/\/agora.xtec.cat\/ceipgranes\/wp-json\/wp\/v2\/types\/post"}],"author":[{"embeddable":true,"href":"https:\/\/agora.xtec.cat\/ceipgranes\/wp-json\/wp\/v2\/users\/1"}],"replies":[{"embeddable":true,"href":"https:\/\/agora.xtec.cat\/ceipgranes\/wp-json\/wp\/v2\/comments?post=5524"}],"version-history":[{"count":2,"href":"https:\/\/agora.xtec.cat\/ceipgranes\/wp-json\/wp\/v2\/posts\/5524\/revisions"}],"predecessor-version":[{"id":5529,"href":"https:\/\/agora.xtec.cat\/ceipgranes\/wp-json\/wp\/v2\/posts\/5524\/revisions\/5529"}],"wp:featuredmedia":[{"embeddable":true,"href":"https:\/\/agora.xtec.cat\/ceipgranes\/wp-json\/wp\/v2\/media\/5527"}],"wp:attachment":[{"href":"https:\/\/agora.xtec.cat\/ceipgranes\/wp-json\/wp\/v2\/media?parent=5524"}],"wp:term":[{"taxonomy":"category","embeddable":true,"href":"https:\/\/agora.xtec.cat\/ceipgranes\/wp-json\/wp\/v2\/categories?post=5524"},{"taxonomy":"post_tag","embeddable":true,"href":"https:\/\/agora.xtec.cat\/ceipgranes\/wp-json\/wp\/v2\/tags?post=5524"}],"curies":[{"name":"wp","href":"https:\/\/api.w.org\/{rel}","templated":true}]}}