{"id":5511,"date":"2025-11-05T08:39:10","date_gmt":"2025-11-05T07:39:10","guid":{"rendered":"https:\/\/agora.xtec.cat\/ceipgranes\/?p=5511"},"modified":"2025-11-05T08:39:11","modified_gmt":"2025-11-05T07:39:11","slug":"benvinguda-a-sant-hilari-curs-2025-26","status":"publish","type":"post","link":"https:\/\/agora.xtec.cat\/ceipgranes\/portada\/benvinguda-a-sant-hilari-curs-2025-26\/","title":{"rendered":"Benvinguda a Sant Hilari curs 2025-26"},"content":{"rendered":"<p><span class=\"a_GcMg font-feature-liga-off font-feature-clig-off font-feature-calt-off text-decoration-none text-strikethrough-none\">Celebrem el nou curs amb una trobada de comunitat a l\u2019ermita de Sant Hilari organitzada per l\u2019AFA de l\u2019escola! Un mat\u00ed de llum per compartir i donar la benvinguda tamb\u00e9 a les noves fam\u00edlies que entren a formar part d\u2019aquesta gran fam\u00edlia que \u00e9s el Gran\u00e9s!<\/span> <a href=\"https:\/\/agora.xtec.cat\/ceipgranes\/portada\/benvinguda-a-sant-hilari-curs-2025-26\/attachment\/photo-2025-10-23-21-54-32-2\/\" rel=\"attachment wp-att-5512\"><img loading=\"lazy\" decoding=\"async\" class=\"alignleft size-full wp-image-5512\" src=\"https:\/\/agora.xtec.cat\/ceipgranes\/wp-content\/uploads\/usu608\/2025\/11\/PHOTO-2025-10-23-21-54-32-2.jpg\" alt=\"\" width=\"1600\" height=\"1600\" srcset=\"https:\/\/agora.xtec.cat\/ceipgranes\/wp-content\/uploads\/usu608\/2025\/11\/PHOTO-2025-10-23-21-54-32-2.jpg 1600w, https:\/\/agora.xtec.cat\/ceipgranes\/wp-content\/uploads\/usu608\/2025\/11\/PHOTO-2025-10-23-21-54-32-2-300x300.jpg 300w, https:\/\/agora.xtec.cat\/ceipgranes\/wp-content\/uploads\/usu608\/2025\/11\/PHOTO-2025-10-23-21-54-32-2-1024x1024.jpg 1024w, https:\/\/agora.xtec.cat\/ceipgranes\/wp-content\/uploads\/usu608\/2025\/11\/PHOTO-2025-10-23-21-54-32-2-150x150.jpg 150w, https:\/\/agora.xtec.cat\/ceipgranes\/wp-content\/uploads\/usu608\/2025\/11\/PHOTO-2025-10-23-21-54-32-2-768x768.jpg 768w, https:\/\/agora.xtec.cat\/ceipgranes\/wp-content\/uploads\/usu608\/2025\/11\/PHOTO-2025-10-23-21-54-32-2-1536x1536.jpg 1536w\" sizes=\"auto, (max-width: 1600px) 100vw, 1600px\" \/><\/a><\/p>\n","protected":false},"excerpt":{"rendered":"<p>Celebrem el nou curs amb una trobada de comunitat a l\u2019ermita de Sant Hilari organitzada per l\u2019AFA de l\u2019escola! Un mat\u00ed de llum per compartir i donar la benvinguda tamb\u00e9 a les noves fam\u00edlies que entren a formar part d\u2019aquesta gran fam\u00edlia que \u00e9s el&hellip;  <a href=\"https:\/\/agora.xtec.cat\/ceipgranes\/portada\/benvinguda-a-sant-hilari-curs-2025-26\/\" title=\"Read Benvinguda a Sant Hilari curs 2025-26\">Llegeix m\u00e9s\u00bb<\/a><\/p>\n","protected":false},"author":1,"featured_media":5512,"comment_status":"open","ping_status":"open","sticky":false,"template":"","format":"standard","meta":{"_bbp_topic_count":0,"_bbp_reply_count":0,"_bbp_total_topic_count":0,"_bbp_total_reply_count":0,"_bbp_voice_count":0,"_bbp_anonymous_reply_count":0,"_bbp_topic_count_hidden":0,"_bbp_reply_count_hidden":0,"_bbp_forum_subforum_count":0,"footnotes":""},"categories":[4],"tags":[],"class_list":["post-5511","post","type-post","status-publish","format-standard","has-post-thumbnail","hentry","category-portada"],"post_mailing_queue_ids":[],"_links":{"self":[{"href":"https:\/\/agora.xtec.cat\/ceipgranes\/wp-json\/wp\/v2\/posts\/5511","targetHints":{"allow":["GET"]}}],"collection":[{"href":"https:\/\/agora.xtec.cat\/ceipgranes\/wp-json\/wp\/v2\/posts"}],"about":[{"href":"https:\/\/agora.xtec.cat\/ceipgranes\/wp-json\/wp\/v2\/types\/post"}],"author":[{"embeddable":true,"href":"https:\/\/agora.xtec.cat\/ceipgranes\/wp-json\/wp\/v2\/users\/1"}],"replies":[{"embeddable":true,"href":"https:\/\/agora.xtec.cat\/ceipgranes\/wp-json\/wp\/v2\/comments?post=5511"}],"version-history":[{"count":2,"href":"https:\/\/agora.xtec.cat\/ceipgranes\/wp-json\/wp\/v2\/posts\/5511\/revisions"}],"predecessor-version":[{"id":5514,"href":"https:\/\/agora.xtec.cat\/ceipgranes\/wp-json\/wp\/v2\/posts\/5511\/revisions\/5514"}],"wp:featuredmedia":[{"embeddable":true,"href":"https:\/\/agora.xtec.cat\/ceipgranes\/wp-json\/wp\/v2\/media\/5512"}],"wp:attachment":[{"href":"https:\/\/agora.xtec.cat\/ceipgranes\/wp-json\/wp\/v2\/media?parent=5511"}],"wp:term":[{"taxonomy":"category","embeddable":true,"href":"https:\/\/agora.xtec.cat\/ceipgranes\/wp-json\/wp\/v2\/categories?post=5511"},{"taxonomy":"post_tag","embeddable":true,"href":"https:\/\/agora.xtec.cat\/ceipgranes\/wp-json\/wp\/v2\/tags?post=5511"}],"curies":[{"name":"wp","href":"https:\/\/api.w.org\/{rel}","templated":true}]}}