{"id":5500,"date":"2025-11-05T08:26:41","date_gmt":"2025-11-05T07:26:41","guid":{"rendered":"https:\/\/agora.xtec.cat\/ceipgranes\/?p=5500"},"modified":"2025-11-05T10:46:33","modified_gmt":"2025-11-05T09:46:33","slug":"benvinguts-i-benvingudes-a-i3","status":"publish","type":"post","link":"https:\/\/agora.xtec.cat\/ceipgranes\/portada\/benvinguts-i-benvingudes-a-i3\/","title":{"rendered":"Benvinguts i benvingudes a I3"},"content":{"rendered":"<p class=\"cvGsUA direction-ltr align-justify para-style-body\"><span class=\"a_GcMg font-feature-liga-off font-feature-clig-off font-feature-calt-off text-decoration-none text-strikethrough-none\">Comen\u00e7a una nova etapa plena d\u2019emocions, descobertes i somriures. Els m\u00e9s petits de l\u2019escola arriben carregats d\u2019il\u00b7lusi\u00f3, curiositat i ganes de comen\u00e7ar aquesta gran aventura que \u00e9s l\u2019educaci\u00f3 infantil.<\/span><\/p>\n<p class=\"cvGsUA direction-ltr align-justify para-style-body\"><span class=\"a_GcMg font-feature-liga-off font-feature-clig-off font-feature-calt-off text-decoration-none text-strikethrough-none\">Els primers dies s\u00f3n moments de descobriment: nous espais, noves cares, nous sons i moltes coses per aprendre. A poc a poc, cada infant anir\u00e0 trobant el seu lloc, fent amics i amigues i construint la seva petita gran hist\u00f2ria al Gran\u00e9s!<\/span><\/p>\n<p><span class=\"a_GcMg font-feature-liga-off font-feature-clig-off font-feature-calt-off text-decoration-none text-strikethrough-none\">\u2728 Benvinguts i benvingudes a aquesta nova aventura! Junts farem del nostre dia a dia un m\u00f3n ple de jocs, riures i aprenentatges\u2728<\/span><\/p>\n<p><a href=\"https:\/\/agora.xtec.cat\/ceipgranes\/portada\/benvinguts-i-benvingudes-a-i3\/attachment\/13fccf5d-cbc7-436b-adb5-dde9278db2c1-1\/\" rel=\"attachment wp-att-5501\"><img loading=\"lazy\" decoding=\"async\" class=\"alignleft size-full wp-image-5501\" src=\"https:\/\/agora.xtec.cat\/ceipgranes\/wp-content\/uploads\/usu608\/2025\/11\/13fccf5d-cbc7-436b-adb5-dde9278db2c1-1.jpg\" alt=\"\" width=\"1280\" height=\"964\" srcset=\"https:\/\/agora.xtec.cat\/ceipgranes\/wp-content\/uploads\/usu608\/2025\/11\/13fccf5d-cbc7-436b-adb5-dde9278db2c1-1.jpg 1280w, https:\/\/agora.xtec.cat\/ceipgranes\/wp-content\/uploads\/usu608\/2025\/11\/13fccf5d-cbc7-436b-adb5-dde9278db2c1-1-300x226.jpg 300w, https:\/\/agora.xtec.cat\/ceipgranes\/wp-content\/uploads\/usu608\/2025\/11\/13fccf5d-cbc7-436b-adb5-dde9278db2c1-1-1024x771.jpg 1024w, https:\/\/agora.xtec.cat\/ceipgranes\/wp-content\/uploads\/usu608\/2025\/11\/13fccf5d-cbc7-436b-adb5-dde9278db2c1-1-768x578.jpg 768w, https:\/\/agora.xtec.cat\/ceipgranes\/wp-content\/uploads\/usu608\/2025\/11\/13fccf5d-cbc7-436b-adb5-dde9278db2c1-1-200x150.jpg 200w\" sizes=\"auto, (max-width: 1280px) 100vw, 1280px\" \/><\/a><\/p>\n","protected":false},"excerpt":{"rendered":"<p>Comen\u00e7a una nova etapa plena d\u2019emocions, descobertes i somriures. Els m\u00e9s petits de l\u2019escola arriben carregats d\u2019il\u00b7lusi\u00f3, curiositat i ganes de comen\u00e7ar aquesta gran aventura que \u00e9s l\u2019educaci\u00f3 infantil.<br \/>\nEls primers dies s\u00f3n moments de descobriment: nous espais, noves cares, nous sons i moltes coses per&hellip;  <a href=\"https:\/\/agora.xtec.cat\/ceipgranes\/portada\/benvinguts-i-benvingudes-a-i3\/\" title=\"Read Benvinguts i benvingudes a I3\">Llegeix m\u00e9s\u00bb<\/a><\/p>\n","protected":false},"author":1,"featured_media":5501,"comment_status":"open","ping_status":"open","sticky":false,"template":"","format":"standard","meta":{"_bbp_topic_count":0,"_bbp_reply_count":0,"_bbp_total_topic_count":0,"_bbp_total_reply_count":0,"_bbp_voice_count":0,"_bbp_anonymous_reply_count":0,"_bbp_topic_count_hidden":0,"_bbp_reply_count_hidden":0,"_bbp_forum_subforum_count":0,"footnotes":""},"categories":[4],"tags":[],"class_list":["post-5500","post","type-post","status-publish","format-standard","has-post-thumbnail","hentry","category-portada"],"post_mailing_queue_ids":[],"_links":{"self":[{"href":"https:\/\/agora.xtec.cat\/ceipgranes\/wp-json\/wp\/v2\/posts\/5500","targetHints":{"allow":["GET"]}}],"collection":[{"href":"https:\/\/agora.xtec.cat\/ceipgranes\/wp-json\/wp\/v2\/posts"}],"about":[{"href":"https:\/\/agora.xtec.cat\/ceipgranes\/wp-json\/wp\/v2\/types\/post"}],"author":[{"embeddable":true,"href":"https:\/\/agora.xtec.cat\/ceipgranes\/wp-json\/wp\/v2\/users\/1"}],"replies":[{"embeddable":true,"href":"https:\/\/agora.xtec.cat\/ceipgranes\/wp-json\/wp\/v2\/comments?post=5500"}],"version-history":[{"count":3,"href":"https:\/\/agora.xtec.cat\/ceipgranes\/wp-json\/wp\/v2\/posts\/5500\/revisions"}],"predecessor-version":[{"id":5530,"href":"https:\/\/agora.xtec.cat\/ceipgranes\/wp-json\/wp\/v2\/posts\/5500\/revisions\/5530"}],"wp:featuredmedia":[{"embeddable":true,"href":"https:\/\/agora.xtec.cat\/ceipgranes\/wp-json\/wp\/v2\/media\/5501"}],"wp:attachment":[{"href":"https:\/\/agora.xtec.cat\/ceipgranes\/wp-json\/wp\/v2\/media?parent=5500"}],"wp:term":[{"taxonomy":"category","embeddable":true,"href":"https:\/\/agora.xtec.cat\/ceipgranes\/wp-json\/wp\/v2\/categories?post=5500"},{"taxonomy":"post_tag","embeddable":true,"href":"https:\/\/agora.xtec.cat\/ceipgranes\/wp-json\/wp\/v2\/tags?post=5500"}],"curies":[{"name":"wp","href":"https:\/\/api.w.org\/{rel}","templated":true}]}}