{"id":5242,"date":"2024-11-28T12:49:29","date_gmt":"2024-11-28T11:49:29","guid":{"rendered":"https:\/\/agora.xtec.cat\/ceipgranes\/?p=5242"},"modified":"2024-11-28T12:51:36","modified_gmt":"2024-11-28T11:51:36","slug":"estrenem-estructura-dequilibris-al-pati-dinfantil","status":"publish","type":"post","link":"https:\/\/agora.xtec.cat\/ceipgranes\/portada\/estrenem-estructura-dequilibris-al-pati-dinfantil\/","title":{"rendered":"ESTRENEM ESTRUCTURA D&#8217;EQUILIBRIS AL PATI D&#8217;INFANTIL!"},"content":{"rendered":"<p>Aquesta setmana l&#8217;equip de l&#8217;entitat Puput ha estat muntant les estructures d&#8217;equilibri que ben aviat estrenarem al pati d&#8217;infantil.\u00a0 L&#8217;escola i tota la comunitat educativa estem molt agra\u00efts per la inversi\u00f3 i els recursos que ha destinat l&#8217;AFA per fer-ho possible! Juntes constru\u00efm escola!<\/p>\n<p><img loading=\"lazy\" decoding=\"async\" class=\"alignleft size-full wp-image-5248\" src=\"https:\/\/agora.xtec.cat\/ceipgranes\/wp-content\/uploads\/usu608\/2024\/11\/IMG_3694.jpg\" alt=\"\" width=\"640\" height=\"480\" srcset=\"https:\/\/agora.xtec.cat\/ceipgranes\/wp-content\/uploads\/usu608\/2024\/11\/IMG_3694.jpg 640w, https:\/\/agora.xtec.cat\/ceipgranes\/wp-content\/uploads\/usu608\/2024\/11\/IMG_3694-300x225.jpg 300w, https:\/\/agora.xtec.cat\/ceipgranes\/wp-content\/uploads\/usu608\/2024\/11\/IMG_3694-200x150.jpg 200w\" sizes=\"auto, (max-width: 640px) 100vw, 640px\" \/><img loading=\"lazy\" decoding=\"async\" class=\"alignleft size-full wp-image-5247\" src=\"https:\/\/agora.xtec.cat\/ceipgranes\/wp-content\/uploads\/usu608\/2024\/11\/IMG_3695.jpg\" alt=\"\" width=\"640\" height=\"480\" srcset=\"https:\/\/agora.xtec.cat\/ceipgranes\/wp-content\/uploads\/usu608\/2024\/11\/IMG_3695.jpg 640w, https:\/\/agora.xtec.cat\/ceipgranes\/wp-content\/uploads\/usu608\/2024\/11\/IMG_3695-300x225.jpg 300w, https:\/\/agora.xtec.cat\/ceipgranes\/wp-content\/uploads\/usu608\/2024\/11\/IMG_3695-200x150.jpg 200w\" sizes=\"auto, (max-width: 640px) 100vw, 640px\" \/><img loading=\"lazy\" decoding=\"async\" class=\"alignleft size-full wp-image-5246\" src=\"https:\/\/agora.xtec.cat\/ceipgranes\/wp-content\/uploads\/usu608\/2024\/11\/IMG_3696.jpg\" alt=\"\" width=\"640\" height=\"480\" srcset=\"https:\/\/agora.xtec.cat\/ceipgranes\/wp-content\/uploads\/usu608\/2024\/11\/IMG_3696.jpg 640w, https:\/\/agora.xtec.cat\/ceipgranes\/wp-content\/uploads\/usu608\/2024\/11\/IMG_3696-300x225.jpg 300w, https:\/\/agora.xtec.cat\/ceipgranes\/wp-content\/uploads\/usu608\/2024\/11\/IMG_3696-200x150.jpg 200w\" sizes=\"auto, (max-width: 640px) 100vw, 640px\" \/><img loading=\"lazy\" decoding=\"async\" class=\"alignleft size-full wp-image-5245\" src=\"https:\/\/agora.xtec.cat\/ceipgranes\/wp-content\/uploads\/usu608\/2024\/11\/IMG_3697-rotated.jpg\" alt=\"\" width=\"480\" height=\"640\" srcset=\"https:\/\/agora.xtec.cat\/ceipgranes\/wp-content\/uploads\/usu608\/2024\/11\/IMG_3697-rotated.jpg 480w, https:\/\/agora.xtec.cat\/ceipgranes\/wp-content\/uploads\/usu608\/2024\/11\/IMG_3697-225x300.jpg 225w\" sizes=\"auto, (max-width: 480px) 100vw, 480px\" \/><img loading=\"lazy\" decoding=\"async\" class=\"alignleft size-full wp-image-5244\" src=\"https:\/\/agora.xtec.cat\/ceipgranes\/wp-content\/uploads\/usu608\/2024\/11\/IMG_3698.jpg\" alt=\"\" width=\"640\" height=\"480\" srcset=\"https:\/\/agora.xtec.cat\/ceipgranes\/wp-content\/uploads\/usu608\/2024\/11\/IMG_3698.jpg 640w, https:\/\/agora.xtec.cat\/ceipgranes\/wp-content\/uploads\/usu608\/2024\/11\/IMG_3698-300x225.jpg 300w, https:\/\/agora.xtec.cat\/ceipgranes\/wp-content\/uploads\/usu608\/2024\/11\/IMG_3698-200x150.jpg 200w\" sizes=\"auto, (max-width: 640px) 100vw, 640px\" \/><\/p>\n","protected":false},"excerpt":{"rendered":"<p>Aquesta setmana l&#8217;equip de l&#8217;entitat Puput ha estat muntant les estructures d&#8217;equilibri que ben aviat estrenarem al pati d&#8217;infantil.\u00a0 L&#8217;escola i tota la comunitat educativa estem molt agra\u00efts per la inversi\u00f3 i els recursos que ha destinat l&#8217;AFA per fer-ho possible! Juntes constru\u00efm escola!<\/p>\n","protected":false},"author":1,"featured_media":5248,"comment_status":"open","ping_status":"closed","sticky":false,"template":"","format":"standard","meta":{"_bbp_topic_count":0,"_bbp_reply_count":0,"_bbp_total_topic_count":0,"_bbp_total_reply_count":0,"_bbp_voice_count":0,"_bbp_anonymous_reply_count":0,"_bbp_topic_count_hidden":0,"_bbp_reply_count_hidden":0,"_bbp_forum_subforum_count":0,"footnotes":""},"categories":[4],"tags":[],"class_list":["post-5242","post","type-post","status-publish","format-standard","has-post-thumbnail","hentry","category-portada"],"post_mailing_queue_ids":[],"_links":{"self":[{"href":"https:\/\/agora.xtec.cat\/ceipgranes\/wp-json\/wp\/v2\/posts\/5242","targetHints":{"allow":["GET"]}}],"collection":[{"href":"https:\/\/agora.xtec.cat\/ceipgranes\/wp-json\/wp\/v2\/posts"}],"about":[{"href":"https:\/\/agora.xtec.cat\/ceipgranes\/wp-json\/wp\/v2\/types\/post"}],"author":[{"embeddable":true,"href":"https:\/\/agora.xtec.cat\/ceipgranes\/wp-json\/wp\/v2\/users\/1"}],"replies":[{"embeddable":true,"href":"https:\/\/agora.xtec.cat\/ceipgranes\/wp-json\/wp\/v2\/comments?post=5242"}],"version-history":[{"count":2,"href":"https:\/\/agora.xtec.cat\/ceipgranes\/wp-json\/wp\/v2\/posts\/5242\/revisions"}],"predecessor-version":[{"id":5249,"href":"https:\/\/agora.xtec.cat\/ceipgranes\/wp-json\/wp\/v2\/posts\/5242\/revisions\/5249"}],"wp:featuredmedia":[{"embeddable":true,"href":"https:\/\/agora.xtec.cat\/ceipgranes\/wp-json\/wp\/v2\/media\/5248"}],"wp:attachment":[{"href":"https:\/\/agora.xtec.cat\/ceipgranes\/wp-json\/wp\/v2\/media?parent=5242"}],"wp:term":[{"taxonomy":"category","embeddable":true,"href":"https:\/\/agora.xtec.cat\/ceipgranes\/wp-json\/wp\/v2\/categories?post=5242"},{"taxonomy":"post_tag","embeddable":true,"href":"https:\/\/agora.xtec.cat\/ceipgranes\/wp-json\/wp\/v2\/tags?post=5242"}],"curies":[{"name":"wp","href":"https:\/\/api.w.org\/{rel}","templated":true}]}}