{"id":5106,"date":"2024-03-06T13:04:57","date_gmt":"2024-03-06T12:04:57","guid":{"rendered":"https:\/\/agora.xtec.cat\/ceipgranes\/?p=5106"},"modified":"2026-04-29T09:30:13","modified_gmt":"2026-04-29T07:30:13","slug":"preinscripcio-25","status":"publish","type":"post","link":"https:\/\/agora.xtec.cat\/ceipgranes\/general\/preinscripcio-25\/","title":{"rendered":"PREINSCRIPCI\u00d3 CURS 2026-27"},"content":{"rendered":"<h4><span style=\"color: #ff0000;\">\u00a0<\/span><\/h4>\n<h3><img loading=\"lazy\" decoding=\"async\" class=\"alignleft wp-image-4854\" src=\"https:\/\/agora.xtec.cat\/ceipgranes\/wp-content\/uploads\/usu608\/2023\/03\/Banner_PreinscripcioEscolar-330x248-1.jpg\" alt=\"\" width=\"405\" height=\"304\" srcset=\"https:\/\/agora.xtec.cat\/ceipgranes\/wp-content\/uploads\/usu608\/2023\/03\/Banner_PreinscripcioEscolar-330x248-1.jpg 330w, https:\/\/agora.xtec.cat\/ceipgranes\/wp-content\/uploads\/usu608\/2023\/03\/Banner_PreinscripcioEscolar-330x248-1-300x225.jpg 300w, https:\/\/agora.xtec.cat\/ceipgranes\/wp-content\/uploads\/usu608\/2023\/03\/Banner_PreinscripcioEscolar-330x248-1-200x150.jpg 200w\" sizes=\"auto, (max-width: 405px) 100vw, 405px\" \/><span style=\"font-family: inherit; font-size: 1em; color: #000000;\">Calendari<\/span><\/h3>\n<ul>\n<li>\n<h4><span style=\"color: #99cc00;\"><strong>3 de mar\u00e7: oferta inicial de places<\/strong><\/span><\/h4>\n<\/li>\n<li>\n<h4><span style=\"color: #800080;\"><strong>4 al 18 de mar\u00e7: presentaci\u00f3 telem\u00e0tica de sol\u00b7licituds<\/strong><\/span><\/h4>\n<\/li>\n<li>\n<h4><span style=\"color: #99cc00;\"><strong>15 d&#8217;abril: <a href=\"https:\/\/drive.google.com\/file\/d\/14Tep2fgZv-CVT0LX-8lxThkvjjcXNqkw\/view?usp=sharing\">llista amb puntuaci\u00f3 provisional<\/a><\/strong><\/span><\/h4>\n<\/li>\n<li>\n<h4><a href=\"https:\/\/drive.google.com\/file\/d\/1YRldd9sQRcd27Nbn0RBQg89fqyDrk9Yi\/view?usp=sharing\"><span style=\"color: #800080;\"><strong>23 d&#8217;abril: llista amb puntuaci\u00f3 definitiva<\/strong><\/span><\/a><\/h4>\n<\/li>\n<li>\n<h4><a href=\"https:\/\/drive.google.com\/file\/d\/1K68Ekf3GtYm-tgPuatF8nRWyZyngkP-I\/view?usp=sharing\"><span style=\"color: #99cc00;\"><strong>29 d&#8217;abril: llista endre\u00e7ada<\/strong><\/span><\/a><\/h4>\n<\/li>\n<li>\n<h4><strong><span style=\"color: #800080;\">10 de juny:<\/span> oferta final de places<\/strong><\/h4>\n<\/li>\n<li>\n<h4><span style=\"color: #99cc00;\"><strong>10 de juny:<span style=\"color: #333399;\"><span style=\"color: #2d87cc;\"> llista d&#8217;admesos i llista d&#8217;espera<\/span><\/span><\/strong><\/span><\/h4>\n<\/li>\n<li>\n<h4><b>Per\u00edode de matr\u00edcula<\/b><\/h4>\n<p><b>Ser\u00e0 del 22 al 30 de juny. Un cop s\u2019ha publicat el llistat final d\u2019alumnes admesos\/es a l\u2019escola, comen\u00e7a el per\u00edode de matriculaci\u00f3 dels preinscrits amb pla\u00e7a assignada. El 12 de juny enviarem un correu electr\u00f2nic a les fam\u00edlies de tots els infants admesos amb l\u2019horari de secretaria i la documentaci\u00f3 que caldr\u00e0 que porteu.<\/b><\/p>\n<h4><span style=\"color: #99cc00;\"><strong><span style=\"color: #33cccc;\"><b>Per demanar hora per formalitzar la matr\u00edcula caldr\u00e0 que ho feu mitjan\u00e7ant <\/b><span style=\"font-weight: 400;\">aquest aplicatiu de cita pr\u00e8via.<\/span><\/span><\/strong><\/span><\/h4>\n<h4><\/h4>\n<p><span style=\"color: #000000;\"><strong>DOCUMENT COM FORMALITZEM LA MATR\u00cdCULA CURS 2026-27<\/strong><\/span><\/li>\n<\/ul>\n<h4><span style=\"color: #ff0000;\">\u00a0 \u00a0 \u00a0<\/span><\/h4>\n<p>&nbsp;<\/p>\n","protected":false},"excerpt":{"rendered":"<p>\u00a0<br \/>\nCalendari<\/p>\n<ul>\n<li>\n3 de mar\u00e7: oferta inicial de places\n<\/li>\n<li>\n4 al 18 de mar\u00e7: presentaci\u00f3 telem\u00e0tica de sol\u00b7licituds\n<\/li>\n<li>\n15 d&#8217;abril: <a href=\"https:\/\/drive.google.com\/file\/d\/14Tep2fgZv-CVT0LX-8lxThkvjjcXNqkw\/view?usp=sharing\">llista amb puntuaci\u00f3 provisional<\/a>\n<\/li>\n<li>\n<a href=\"https:\/\/drive.google.com\/file\/d\/1YRldd9sQRcd27Nbn0RBQg89fqyDrk9Yi\/view?usp=sharing\">23 d&#8217;abril: llista amb puntuaci\u00f3 definitiva<\/a>\n<\/li>\n<li>\n<a href=\"https:\/\/drive.google.com\/file\/d\/1K68Ekf3GtYm-tgPuatF8nRWyZyngkP-I\/view?usp=sharing\">29 d&#8217;abril: llista endre\u00e7ada<\/a>\n<\/li>\n<li>\n10 de juny: oferta final de places\n<\/li>\n<li>\n10 de juny: llista d&#8217;admesos i llista d&#8217;espera\n<\/li>\n<li>\nPer\u00edode de&hellip;  <a href=\"https:\/\/agora.xtec.cat\/ceipgranes\/general\/preinscripcio-25\/\" title=\"Read PREINSCRIPCI\u00d3 CURS 2026-27\">Llegeix m\u00e9s\u00bb<\/a><\/p>\n","protected":false},"author":1,"featured_media":0,"comment_status":"open","ping_status":"closed","sticky":true,"template":"","format":"standard","meta":{"_bbp_topic_count":0,"_bbp_reply_count":0,"_bbp_total_topic_count":0,"_bbp_total_reply_count":0,"_bbp_voice_count":0,"_bbp_anonymous_reply_count":0,"_bbp_topic_count_hidden":0,"_bbp_reply_count_hidden":0,"_bbp_forum_subforum_count":0,"footnotes":""},"categories":[1,4],"tags":[],"class_list":["post-5106","post","type-post","status-publish","format-standard","hentry","category-general","category-portada"],"post_mailing_queue_ids":[],"_links":{"self":[{"href":"https:\/\/agora.xtec.cat\/ceipgranes\/wp-json\/wp\/v2\/posts\/5106","targetHints":{"allow":["GET"]}}],"collection":[{"href":"https:\/\/agora.xtec.cat\/ceipgranes\/wp-json\/wp\/v2\/posts"}],"about":[{"href":"https:\/\/agora.xtec.cat\/ceipgranes\/wp-json\/wp\/v2\/types\/post"}],"author":[{"embeddable":true,"href":"https:\/\/agora.xtec.cat\/ceipgranes\/wp-json\/wp\/v2\/users\/1"}],"replies":[{"embeddable":true,"href":"https:\/\/agora.xtec.cat\/ceipgranes\/wp-json\/wp\/v2\/comments?post=5106"}],"version-history":[{"count":6,"href":"https:\/\/agora.xtec.cat\/ceipgranes\/wp-json\/wp\/v2\/posts\/5106\/revisions"}],"predecessor-version":[{"id":5660,"href":"https:\/\/agora.xtec.cat\/ceipgranes\/wp-json\/wp\/v2\/posts\/5106\/revisions\/5660"}],"wp:attachment":[{"href":"https:\/\/agora.xtec.cat\/ceipgranes\/wp-json\/wp\/v2\/media?parent=5106"}],"wp:term":[{"taxonomy":"category","embeddable":true,"href":"https:\/\/agora.xtec.cat\/ceipgranes\/wp-json\/wp\/v2\/categories?post=5106"},{"taxonomy":"post_tag","embeddable":true,"href":"https:\/\/agora.xtec.cat\/ceipgranes\/wp-json\/wp\/v2\/tags?post=5106"}],"curies":[{"name":"wp","href":"https:\/\/api.w.org\/{rel}","templated":true}]}}