{"id":5001,"date":"2023-10-30T10:49:29","date_gmt":"2023-10-30T09:49:29","guid":{"rendered":"https:\/\/agora.xtec.cat\/ceipgranes\/?p=5001"},"modified":"2023-10-30T10:49:29","modified_gmt":"2023-10-30T09:49:29","slug":"projecte-dinnovacio-faig","status":"publish","type":"post","link":"https:\/\/agora.xtec.cat\/ceipgranes\/portada\/projecte-dinnovacio-faig\/","title":{"rendered":"PROJECTE D&#8217;INNOVACI\u00d3 FAIG"},"content":{"rendered":"<p><span style=\"color: #000000;\"><span style=\"font-family: Calibri, sans-serif;\"><span style=\"font-size: medium;\">Aquest curs 23-24 hem tingut la gran sort de formar part de la xarxa de centres pilot del programa FAIG. Aquesta \u00e9s una oportunitat que ens permetr\u00e0 aprofundir i consolidar l\u2019<\/span><\/span><\/span><span style=\"font-family: Calibri, sans-serif;\"><span style=\"font-size: medium;\">Aprenentatge per Projectes<\/span><\/span><span style=\"color: #000000;\"><span style=\"font-family: Calibri, sans-serif;\"><span style=\"font-size: medium;\">, facilitant que l\u2019alumnat doni respostes innovadores a les necessitats i als reptes de l\u2019entorn. La metodologia FAIG busca fomentar la imaginaci\u00f3, la creativitat i l\u2019aprenentatge amb sentit i en comunitat. Proposa usar equipament tecnol\u00f2gic avan\u00e7at i aplicar metodologies de treball per projectes, per generar aprenentatges m\u00e9s profunds.<\/span><\/span><\/span><\/p>\n<figure class=\"figure wp-caption alignleft\"><img loading=\"lazy\" decoding=\"async\" class=\"wp-image-4998\" src=\"https:\/\/agora.xtec.cat\/ceipgranes\/wp-content\/uploads\/usu608\/2023\/10\/faig2.png\" alt=\"\" width=\"240\" height=\"238\" \/><figcaption class=\"wp-caption-text\">Qu\u00e8 implica ser un centre FAIG?<\/figcaption><\/figure>\n<p>&nbsp;<\/p>\n<p>&nbsp;<\/p>\n<p>&nbsp;<\/p>\n<p>&nbsp;<\/p>\n<p>&nbsp;<\/p>\n<p>&nbsp;<\/p>\n<p>&nbsp;<\/p>\n<ul>\n<li><span style=\"font-family: Calibri, sans-serif;\"><span style=\"font-size: medium;\">Comprom\u00eds en la reflexi\u00f3 i formaci\u00f3 pedag\u00f2gica en claustre.<\/span><\/span><\/li>\n<li><span style=\"font-family: Calibri, sans-serif;\"><span style=\"font-size: medium;\">Desenvolupar, implementar, avaluar i documentar diferents projectes FAIG.<\/span><\/span><\/li>\n<li><span style=\"font-family: Calibri, sans-serif;\"><span style=\"font-size: medium;\">Formaci\u00f3 de guies que puguin acompanyar altres centres.<\/span><\/span><\/li>\n<li><span style=\"font-family: Calibri, sans-serif;\"><span style=\"font-size: medium;\">Participaci\u00f3 d\u2019una xarxa de centres de Prim\u00e0ria i Secund\u00e0ria.<\/span><\/span><\/li>\n<li><span style=\"font-size: medium; font-family: Calibri, sans-serif;\">Habilitar un espai adequat per col\u00b7locar-hi l\u2019equipament per a la fabricaci\u00f3 digital.<\/span><\/li>\n<li><span style=\"font-family: Calibri, sans-serif;\"><span style=\"font-size: medium;\">Obrir el FaigLab a tota la Comunitat Educativa i a la resta de l\u2019entorn.<\/span><\/span><\/li>\n<\/ul>\n<p>&nbsp;<\/p>\n","protected":false},"excerpt":{"rendered":"<p>Aquest curs 23-24 hem tingut la gran sort de formar part de la xarxa de centres pilot del programa FAIG. Aquesta \u00e9s una oportunitat que ens permetr\u00e0 aprofundir i consolidar l\u2019Aprenentatge per Projectes, facilitant que l\u2019alumnat doni respostes innovadores a les necessitats i als reptes&hellip;  <a href=\"https:\/\/agora.xtec.cat\/ceipgranes\/portada\/projecte-dinnovacio-faig\/\" title=\"Read PROJECTE D&#8217;INNOVACI\u00d3 FAIG\">Llegeix m\u00e9s\u00bb<\/a><\/p>\n","protected":false},"author":1,"featured_media":5002,"comment_status":"open","ping_status":"closed","sticky":false,"template":"","format":"standard","meta":{"_bbp_topic_count":0,"_bbp_reply_count":0,"_bbp_total_topic_count":0,"_bbp_total_reply_count":0,"_bbp_voice_count":0,"_bbp_anonymous_reply_count":0,"_bbp_topic_count_hidden":0,"_bbp_reply_count_hidden":0,"_bbp_forum_subforum_count":0,"footnotes":""},"categories":[4],"tags":[],"class_list":["post-5001","post","type-post","status-publish","format-standard","has-post-thumbnail","hentry","category-portada"],"post_mailing_queue_ids":[],"_links":{"self":[{"href":"https:\/\/agora.xtec.cat\/ceipgranes\/wp-json\/wp\/v2\/posts\/5001","targetHints":{"allow":["GET"]}}],"collection":[{"href":"https:\/\/agora.xtec.cat\/ceipgranes\/wp-json\/wp\/v2\/posts"}],"about":[{"href":"https:\/\/agora.xtec.cat\/ceipgranes\/wp-json\/wp\/v2\/types\/post"}],"author":[{"embeddable":true,"href":"https:\/\/agora.xtec.cat\/ceipgranes\/wp-json\/wp\/v2\/users\/1"}],"replies":[{"embeddable":true,"href":"https:\/\/agora.xtec.cat\/ceipgranes\/wp-json\/wp\/v2\/comments?post=5001"}],"version-history":[{"count":1,"href":"https:\/\/agora.xtec.cat\/ceipgranes\/wp-json\/wp\/v2\/posts\/5001\/revisions"}],"predecessor-version":[{"id":5003,"href":"https:\/\/agora.xtec.cat\/ceipgranes\/wp-json\/wp\/v2\/posts\/5001\/revisions\/5003"}],"wp:featuredmedia":[{"embeddable":true,"href":"https:\/\/agora.xtec.cat\/ceipgranes\/wp-json\/wp\/v2\/media\/5002"}],"wp:attachment":[{"href":"https:\/\/agora.xtec.cat\/ceipgranes\/wp-json\/wp\/v2\/media?parent=5001"}],"wp:term":[{"taxonomy":"category","embeddable":true,"href":"https:\/\/agora.xtec.cat\/ceipgranes\/wp-json\/wp\/v2\/categories?post=5001"},{"taxonomy":"post_tag","embeddable":true,"href":"https:\/\/agora.xtec.cat\/ceipgranes\/wp-json\/wp\/v2\/tags?post=5001"}],"curies":[{"name":"wp","href":"https:\/\/api.w.org\/{rel}","templated":true}]}}