{"id":4983,"date":"2023-10-27T12:38:01","date_gmt":"2023-10-27T10:38:01","guid":{"rendered":"https:\/\/agora.xtec.cat\/ceipgranes\/?p=4983"},"modified":"2023-10-27T12:48:19","modified_gmt":"2023-10-27T10:48:19","slug":"projecte-dinnovacio-en-enfocament-restauratiu-global","status":"publish","type":"post","link":"https:\/\/agora.xtec.cat\/ceipgranes\/portada\/projecte-dinnovacio-en-enfocament-restauratiu-global\/","title":{"rendered":"Som escola Restaurativa; Projecte d&#8217;innovaci\u00f3 en Enfocament Restauratiu Global"},"content":{"rendered":"<p>Un dels pilars fonamentals de la nostra escola i sobre el qual portem treballant i formant-nos est\u00e0 relacionat amb la conviv\u00e8ncia al centre. Som un centre de refer\u00e8ncia pel que fa al desplegament d&#8217;eines proactives encaminades a facilitar i construir relacions saludables basades en l&#8217;escolta i una comunicaci\u00f3 clara connectada a les necessitats. Tanmateix oferim espais i estrat\u00e8gies proventives que ens permetin transitar els conflictes d&#8217;una manera efica\u00e7, restaurativa i reparadora.<\/p>\n<p>Basem aquestes pr\u00e0ctiques responsives i restauradores dins el marc de l&#8217;enfocament restauratiu global (Belinda Hopkins) i la Comunicaci\u00f3 no violenta (Marshall B. Rosenberg). Principalment treballant a trav\u00e9s del temps de cercle, els cercles de paraula, les reunions restauratives (formals i informals) i els espais de mediaci\u00f3 (rac\u00f3 &#8220;en parlem&#8221; i projecte de mediaci\u00f3 entre igual)<\/p>\n<p>La nostra escola forma part de la xarxa d&#8217;escoles restauratives de Catalunya i en reconeixement en tota la feina feta al llarg dels anys el Departament d&#8217;Educaci\u00f3 ens ha triat com una de les 40 escoles del pa\u00eds amb un projecte de refer\u00e8ncia pel que fa a innovaci\u00f3 educativa en Enfocament Restauratiu Global.<\/p>\n<p>A continuaci\u00f3 us compartim alguns materials que us permetran endinsar-vos en aquesta mirada i al voltant dels quals elaborem les propostes:<\/p>\n<p>Cliqueu les fotografies per accedir als documents.<\/p>\n<p>&nbsp;<\/p>\n<p><a href=\"https:\/\/www.encercle.cat\/wordpress\/wp-content\/uploads\/2020\/12\/PR-catala%CC%80.pdf\"><img loading=\"lazy\" decoding=\"async\" class=\"alignleft wp-image-4989\" src=\"https:\/\/agora.xtec.cat\/ceipgranes\/wp-content\/uploads\/usu608\/2023\/10\/PR_castellano.jpg\" alt=\"\" width=\"255\" height=\"180\" srcset=\"https:\/\/agora.xtec.cat\/ceipgranes\/wp-content\/uploads\/usu608\/2023\/10\/PR_castellano.jpg 634w, https:\/\/agora.xtec.cat\/ceipgranes\/wp-content\/uploads\/usu608\/2023\/10\/PR_castellano-300x212.jpg 300w\" sizes=\"auto, (max-width: 255px) 100vw, 255px\" \/><\/a><\/p>\n<p><a href=\"https:\/\/educacio.gencat.cat\/ca\/departament\/publicacions\/monografies\/manual-enfocament-restauratiu-global\/\"><img loading=\"lazy\" decoding=\"async\" class=\"alignleft wp-image-4986\" src=\"https:\/\/agora.xtec.cat\/ceipgranes\/wp-content\/uploads\/usu608\/2023\/10\/F1ylC79WwAEsGuR.png\" alt=\"\" width=\"244\" height=\"137\" srcset=\"https:\/\/agora.xtec.cat\/ceipgranes\/wp-content\/uploads\/usu608\/2023\/10\/F1ylC79WwAEsGuR.png 553w, https:\/\/agora.xtec.cat\/ceipgranes\/wp-content\/uploads\/usu608\/2023\/10\/F1ylC79WwAEsGuR-300x169.png 300w\" sizes=\"auto, (max-width: 244px) 100vw, 244px\" \/><\/a><\/p>\n<p><a href=\"https:\/\/agora.xtec.cat\/ceipgranes\/wp-content\/uploads\/usu608\/2023\/10\/Comunicacio-NoViolenta_PE.pdf\"><img loading=\"lazy\" decoding=\"async\" class=\"alignleft size-full wp-image-4990\" src=\"https:\/\/agora.xtec.cat\/ceipgranes\/wp-content\/uploads\/usu608\/2023\/10\/baixa-1.jpg\" alt=\"\" width=\"368\" height=\"137\" srcset=\"https:\/\/agora.xtec.cat\/ceipgranes\/wp-content\/uploads\/usu608\/2023\/10\/baixa-1.jpg 368w, https:\/\/agora.xtec.cat\/ceipgranes\/wp-content\/uploads\/usu608\/2023\/10\/baixa-1-300x112.jpg 300w\" sizes=\"auto, (max-width: 368px) 100vw, 368px\" \/><\/a><\/p>\n<p>&nbsp;<\/p>\n<p>&nbsp;<\/p>\n<p>&nbsp;<\/p>\n<p>&nbsp;<\/p>\n<p>&nbsp;<\/p>\n<p>&nbsp;<\/p>\n<p><iframe loading=\"lazy\" src=\"\/\/www.youtube.com\/embed\/XxTXeIv3kLU\" width=\"560\" height=\"314\" allowfullscreen=\"allowfullscreen\"><\/iframe><\/p>\n<p>&nbsp;<\/p>\n","protected":false},"excerpt":{"rendered":"<p>Un dels pilars fonamentals de la nostra escola i sobre el qual portem treballant i formant-nos est\u00e0 relacionat amb la conviv\u00e8ncia al centre. Som un centre de refer\u00e8ncia pel que fa al desplegament d&#8217;eines proactives encaminades a facilitar i construir relacions saludables basades en l&#8217;escolta&hellip;  <a href=\"https:\/\/agora.xtec.cat\/ceipgranes\/portada\/projecte-dinnovacio-en-enfocament-restauratiu-global\/\" title=\"Read Som escola Restaurativa; Projecte d&#8217;innovaci\u00f3 en Enfocament Restauratiu Global\">Llegeix m\u00e9s\u00bb<\/a><\/p>\n","protected":false},"author":1,"featured_media":4992,"comment_status":"open","ping_status":"closed","sticky":false,"template":"","format":"standard","meta":{"_bbp_topic_count":0,"_bbp_reply_count":0,"_bbp_total_topic_count":0,"_bbp_total_reply_count":0,"_bbp_voice_count":0,"_bbp_anonymous_reply_count":0,"_bbp_topic_count_hidden":0,"_bbp_reply_count_hidden":0,"_bbp_forum_subforum_count":0,"footnotes":""},"categories":[4],"tags":[],"class_list":["post-4983","post","type-post","status-publish","format-standard","has-post-thumbnail","hentry","category-portada"],"post_mailing_queue_ids":[],"_links":{"self":[{"href":"https:\/\/agora.xtec.cat\/ceipgranes\/wp-json\/wp\/v2\/posts\/4983","targetHints":{"allow":["GET"]}}],"collection":[{"href":"https:\/\/agora.xtec.cat\/ceipgranes\/wp-json\/wp\/v2\/posts"}],"about":[{"href":"https:\/\/agora.xtec.cat\/ceipgranes\/wp-json\/wp\/v2\/types\/post"}],"author":[{"embeddable":true,"href":"https:\/\/agora.xtec.cat\/ceipgranes\/wp-json\/wp\/v2\/users\/1"}],"replies":[{"embeddable":true,"href":"https:\/\/agora.xtec.cat\/ceipgranes\/wp-json\/wp\/v2\/comments?post=4983"}],"version-history":[{"count":5,"href":"https:\/\/agora.xtec.cat\/ceipgranes\/wp-json\/wp\/v2\/posts\/4983\/revisions"}],"predecessor-version":[{"id":4995,"href":"https:\/\/agora.xtec.cat\/ceipgranes\/wp-json\/wp\/v2\/posts\/4983\/revisions\/4995"}],"wp:featuredmedia":[{"embeddable":true,"href":"https:\/\/agora.xtec.cat\/ceipgranes\/wp-json\/wp\/v2\/media\/4992"}],"wp:attachment":[{"href":"https:\/\/agora.xtec.cat\/ceipgranes\/wp-json\/wp\/v2\/media?parent=4983"}],"wp:term":[{"taxonomy":"category","embeddable":true,"href":"https:\/\/agora.xtec.cat\/ceipgranes\/wp-json\/wp\/v2\/categories?post=4983"},{"taxonomy":"post_tag","embeddable":true,"href":"https:\/\/agora.xtec.cat\/ceipgranes\/wp-json\/wp\/v2\/tags?post=4983"}],"curies":[{"name":"wp","href":"https:\/\/api.w.org\/{rel}","templated":true}]}}