{"id":3376,"date":"2021-04-30T12:38:27","date_gmt":"2021-04-30T10:38:27","guid":{"rendered":"http:\/\/agora.xtec.cat\/ceipgira-sol\/?p=3376"},"modified":"2021-04-30T12:38:56","modified_gmt":"2021-04-30T10:38:56","slug":"informacio-ajuts-de-menjador-i-transport-curs-2021-2022","status":"publish","type":"post","link":"https:\/\/agora.xtec.cat\/ceipgira-sol\/general\/informacio-ajuts-de-menjador-i-transport-curs-2021-2022\/","title":{"rendered":"INFORMACI\u00d3 AJUTS DE MENJADOR I TRANSPORT CURS 2021-2022"},"content":{"rendered":"<p>El dilluns 3 de maig comencen els registres dels ajuts de menjador i transport escolar pel curs 2021-2022.<\/p>\n<p>La p\u00e0gina web on podeu trobar tota la informaci\u00f3 relacionada amb aquests ajuts \u00e9s:\u00a0\u00a0<a href=\"http:\/\/www.bergueda.cat\/educacio\" target=\"_blank\" rel=\"noopener noreferrer\" data-saferedirecturl=\"https:\/\/www.google.com\/url?q=http:\/\/www.bergueda.cat\/educacio&amp;source=gmail&amp;ust=1619863578965000&amp;usg=AFQjCNGDaZVq1-LfsauJEMpu5CtNxF0smA\">www.bergueda.cat\/educacio<\/a><\/p>\n<p><img loading=\"lazy\" decoding=\"async\" class=\"aligncenter size-medium wp-image-3377\" src=\"https:\/\/agora.xtec.cat\/ceipgira-sol\/wp-content\/uploads\/usu1635\/2021\/04\/Ajuts-menjador-transport-2021-22_informaci\u00f3-300x300.png\" alt=\"\" width=\"300\" height=\"300\" srcset=\"https:\/\/agora.xtec.cat\/ceipgira-sol\/wp-content\/uploads\/usu1635\/2021\/04\/Ajuts-menjador-transport-2021-22_informaci\u00f3-300x300.png 300w, https:\/\/agora.xtec.cat\/ceipgira-sol\/wp-content\/uploads\/usu1635\/2021\/04\/Ajuts-menjador-transport-2021-22_informaci\u00f3-150x150.png 150w, https:\/\/agora.xtec.cat\/ceipgira-sol\/wp-content\/uploads\/usu1635\/2021\/04\/Ajuts-menjador-transport-2021-22_informaci\u00f3-768x768.png 768w, https:\/\/agora.xtec.cat\/ceipgira-sol\/wp-content\/uploads\/usu1635\/2021\/04\/Ajuts-menjador-transport-2021-22_informaci\u00f3-1024x1024.png 1024w\" sizes=\"auto, (max-width: 300px) 100vw, 300px\" \/><\/p>\n<p><a href=\"https:\/\/drive.google.com\/drive\/folders\/1DWrTuIe0_kkpIYKFMLm9VIjXfMIceViw?usp=sharing\">ENLLA\u00c7 INFORMACI\u00d3 AJUTS TRANSPORT I MENJADOR<\/a><\/p>\n","protected":false},"excerpt":{"rendered":"<p>El dilluns 3 de maig comencen els registres dels ajuts de menjador i transport escolar pel curs 2021-2022. La p\u00e0gina web on podeu trobar tota la informaci\u00f3 relacionada amb aquests ajuts \u00e9s:\u00a0\u00a0www.bergueda.cat\/educacio ENLLA\u00c7 INFORMACI\u00d3 AJUTS TRANSPORT I MENJADOR<\/p>\n","protected":false},"author":1,"featured_media":3377,"comment_status":"closed","ping_status":"closed","sticky":false,"template":"","format":"standard","meta":{"_bbp_topic_count":0,"_bbp_reply_count":0,"_bbp_total_topic_count":0,"_bbp_total_reply_count":0,"_bbp_voice_count":0,"_bbp_anonymous_reply_count":0,"_bbp_topic_count_hidden":0,"_bbp_reply_count_hidden":0,"_bbp_forum_subforum_count":0,"site-sidebar-layout":"default","site-content-layout":"","ast-site-content-layout":"","site-content-style":"default","site-sidebar-style":"default","ast-global-header-display":"","ast-banner-title-visibility":"","ast-main-header-display":"","ast-hfb-above-header-display":"","ast-hfb-below-header-display":"","ast-hfb-mobile-header-display":"","site-post-title":"","ast-breadcrumbs-content":"","ast-featured-img":"","footer-sml-layout":"","theme-transparent-header-meta":"","adv-header-id-meta":"","stick-header-meta":"","header-above-stick-meta":"","header-main-stick-meta":"","header-below-stick-meta":"","astra-migrate-meta-layouts":"default","ast-page-background-enabled":"default","ast-page-background-meta":{"desktop":{"background-color":"var(--ast-global-color-4)","background-image":"","background-repeat":"repeat","background-position":"center center","background-size":"auto","background-attachment":"scroll","background-type":"","background-media":"","overlay-type":"","overlay-color":"","overlay-opacity":"","overlay-gradient":""},"tablet":{"background-color":"","background-image":"","background-repeat":"repeat","background-position":"center center","background-size":"auto","background-attachment":"scroll","background-type":"","background-media":"","overlay-type":"","overlay-color":"","overlay-opacity":"","overlay-gradient":""},"mobile":{"background-color":"","background-image":"","background-repeat":"repeat","background-position":"center center","background-size":"auto","background-attachment":"scroll","background-type":"","background-media":"","overlay-type":"","overlay-color":"","overlay-opacity":"","overlay-gradient":""}},"ast-content-background-meta":{"desktop":{"background-color":"var(--ast-global-color-5)","background-image":"","background-repeat":"repeat","background-position":"center center","background-size":"auto","background-attachment":"scroll","background-type":"","background-media":"","overlay-type":"","overlay-color":"","overlay-opacity":"","overlay-gradient":""},"tablet":{"background-color":"var(--ast-global-color-5)","background-image":"","background-repeat":"repeat","background-position":"center center","background-size":"auto","background-attachment":"scroll","background-type":"","background-media":"","overlay-type":"","overlay-color":"","overlay-opacity":"","overlay-gradient":""},"mobile":{"background-color":"var(--ast-global-color-5)","background-image":"","background-repeat":"repeat","background-position":"center center","background-size":"auto","background-attachment":"scroll","background-type":"","background-media":"","overlay-type":"","overlay-color":"","overlay-opacity":"","overlay-gradient":""}},"footnotes":""},"categories":[1],"tags":[],"class_list":["post-3376","post","type-post","status-publish","format-standard","has-post-thumbnail","hentry","category-general"],"post_mailing_queue_ids":[],"_links":{"self":[{"href":"https:\/\/agora.xtec.cat\/ceipgira-sol\/wp-json\/wp\/v2\/posts\/3376","targetHints":{"allow":["GET"]}}],"collection":[{"href":"https:\/\/agora.xtec.cat\/ceipgira-sol\/wp-json\/wp\/v2\/posts"}],"about":[{"href":"https:\/\/agora.xtec.cat\/ceipgira-sol\/wp-json\/wp\/v2\/types\/post"}],"author":[{"embeddable":true,"href":"https:\/\/agora.xtec.cat\/ceipgira-sol\/wp-json\/wp\/v2\/users\/1"}],"replies":[{"embeddable":true,"href":"https:\/\/agora.xtec.cat\/ceipgira-sol\/wp-json\/wp\/v2\/comments?post=3376"}],"version-history":[{"count":1,"href":"https:\/\/agora.xtec.cat\/ceipgira-sol\/wp-json\/wp\/v2\/posts\/3376\/revisions"}],"predecessor-version":[{"id":3378,"href":"https:\/\/agora.xtec.cat\/ceipgira-sol\/wp-json\/wp\/v2\/posts\/3376\/revisions\/3378"}],"wp:featuredmedia":[{"embeddable":true,"href":"https:\/\/agora.xtec.cat\/ceipgira-sol\/wp-json\/wp\/v2\/media\/3377"}],"wp:attachment":[{"href":"https:\/\/agora.xtec.cat\/ceipgira-sol\/wp-json\/wp\/v2\/media?parent=3376"}],"wp:term":[{"taxonomy":"category","embeddable":true,"href":"https:\/\/agora.xtec.cat\/ceipgira-sol\/wp-json\/wp\/v2\/categories?post=3376"},{"taxonomy":"post_tag","embeddable":true,"href":"https:\/\/agora.xtec.cat\/ceipgira-sol\/wp-json\/wp\/v2\/tags?post=3376"}],"curies":[{"name":"wp","href":"https:\/\/api.w.org\/{rel}","templated":true}]}}