{"id":530,"date":"2021-05-07T16:11:12","date_gmt":"2021-05-07T14:11:12","guid":{"rendered":"https:\/\/agora.xtec.cat\/ceipgaziel\/?p=530"},"modified":"2021-05-07T16:24:55","modified_gmt":"2021-05-07T14:24:55","slug":"casal-destiu","status":"publish","type":"post","link":"https:\/\/agora.xtec.cat\/ceipgaziel\/general\/casal-destiu\/","title":{"rendered":"Casal d&#8217;Estiu"},"content":{"rendered":"<div dir=\"auto\"><a href=\"https:\/\/www.guixols.cat\/noticies\/8826-ben-aviat-comencaran-les-inscripcions-als-casals-d-estiu\"><img loading=\"lazy\" decoding=\"async\" class=\"alignleft wp-image-531\" src=\"https:\/\/agora.xtec.cat\/ceipgaziel\/wp-content\/uploads\/usu2100\/2021\/05\/casals_2021_2-02-734x1024.jpg\" alt=\"\" width=\"350\" height=\"488\" srcset=\"https:\/\/agora.xtec.cat\/ceipgaziel\/wp-content\/uploads\/usu2100\/2021\/05\/casals_2021_2-02-734x1024.jpg 734w, https:\/\/agora.xtec.cat\/ceipgaziel\/wp-content\/uploads\/usu2100\/2021\/05\/casals_2021_2-02-215x300.jpg 215w, https:\/\/agora.xtec.cat\/ceipgaziel\/wp-content\/uploads\/usu2100\/2021\/05\/casals_2021_2-02-768x1072.jpg 768w, https:\/\/agora.xtec.cat\/ceipgaziel\/wp-content\/uploads\/usu2100\/2021\/05\/casals_2021_2-02.jpg 1828w\" sizes=\"auto, (max-width: 350px) 100vw, 350px\" \/><\/a>La ciutat de Sant Feliu de Gu\u00edxols, programa una nova oferta de places de Casal d\u2019Estiu els mesos de juliol i agost.<\/div>\n<div dir=\"auto\">Les inscripcions es faran en les seg\u00fcents dates: d<strong>el 10 al 21 de maig de 2021<\/strong><\/div>\n<div class=\"o9v6fnle cxmmr5t8 oygrvhab hcukyx3x c1et5uql ii04i59q\">\n<div dir=\"auto\">Les inscripcions es canalitzen al web ciutad\u00e0.guixols.cat o b\u00e9 presencialment al Punt Jove (carrer del Mall 61 \u2013 Edifici Vetlladores, de dilluns a divendres de 09 a 13h, tel 972 32 73 60). En tots els casos, fent les inscripcions dins el per\u00edode i realitzant el primer o \u00fanic pagament abans del 2<\/div>\n<div dir=\"auto\">4 de maig, es t\u00e9 la pla\u00e7a assegurada.<\/div>\n<div dir=\"auto\">Es gaudeix d\u2019un 20% de descompte si s\u2019inscriuen dos o m\u00e9s germans, i hi ha la possibilitat de fraccionar el pagament en 2 o 3 terminis.<\/div>\n<\/div>\n<div class=\"o9v6fnle cxmmr5t8 oygrvhab hcukyx3x c1et5uql ii04i59q\">\n<div dir=\"auto\"><\/div>\n<div dir=\"auto\"><strong>Les tres propostes d\u2019enguany s\u00f3n:<\/strong><\/div>\n<div dir=\"auto\"><\/div>\n<\/div>\n<div class=\"o9v6fnle cxmmr5t8 oygrvhab hcukyx3x c1et5uql ii04i59q\">\n<div dir=\"auto\">\u2013\u00a0<strong>Casalet<\/strong>\u00a0(Escola Gaziel), que tindr\u00e0 un servei d\u2019Acollida mat\u00ed, torn de mat\u00ed i servei de menjador. S\u2019adre\u00e7a a nens\/es nascuts\/des de l\u2019any 2009 al 2017.<\/div>\n<div dir=\"auto\">\u2013\u00a0<strong>Esportiu<\/strong>\u00a0(Pavell\u00f3 la Corchera). Amb uns serveis de torn de mat\u00ed i menjador. S\u2019adre\u00e7a a nens\/es nascuts\/des de l\u2019any 2006 al 2014.<\/div>\n<div dir=\"auto\">\u2013<strong>\u00a0Proximitat<\/strong>\u00a0(Escola Mn. Baldiri Reixach). Amb els serveis d\u2019Acollida mat\u00ed, torn de mat\u00ed i servei de menjador. S\u2019adre\u00e7a a nens\/es nascuts\/des de l\u2019any 2009 al 2017.<\/div>\n<div dir=\"auto\"><\/div>\n<div dir=\"auto\">Aquest any cal destacar que s\u2019ofereixen 2 nous serveis a banda de les tres propostes esmentades, uns serveis molt demandats els \u00faltims anys per part de la poblaci\u00f3. A m\u00e9s dels tradicionals casals neixen 2 noves propostes que es realitzaran al Pavell\u00f3 Municipal de La Corchera i amb places limitades nom\u00e9s per aquests dos serveis:<\/div>\n<\/div>\n<div class=\"o9v6fnle cxmmr5t8 oygrvhab hcukyx3x c1et5uql ii04i59q\">\n<div dir=\"auto\"><strong>\u2013 PreEstiu<\/strong>, del 28 de juny al 2 de juliol, en horari de 09.00 a 13.00 hores i adre\u00e7at a nens\/es nascuts\/des de l\u2019any 2009 al 2017.<\/div>\n<div dir=\"auto\">\u2013\u00a0<strong>PostEstiu<\/strong>, del 30 d\u2019agost al 10 de setembre, en horari de 09.00 a 13.00 hores i adre\u00e7at a nens\/es nascuts\/des de l\u2019any 2009 al 2017.<\/div>\n<div dir=\"auto\"><\/div>\n<div dir=\"auto\">M\u00e9s informaci\u00f3 i inscripcions a ciutad\u00e0.guixols.cat a partir del 10 de maig de 2021<\/div>\n<\/div>\n<div class=\"addtoany_share_save_container addtoany_content addtoany_content_bottom\">\n<div class=\"a2a_kit a2a_kit_size_32 addtoany_list\" data-a2a-url=\"https:\/\/agora.xtec.cat\/escardenya\/general\/inscripcions-als-casals-destiu\/\" data-a2a-title=\"INSCRIPCIONS ALS CASALS D\u2019ESTIU DE SANT FELIU DE GU\u00cdXOLS.\"><\/div>\n<\/div>\n","protected":false},"excerpt":{"rendered":"<p>La ciutat de Sant Feliu de Gu\u00edxols, programa una nova oferta de places de Casal d\u2019Estiu els mesos de juliol [&hellip;]<\/p>\n","protected":false},"author":1,"featured_media":0,"comment_status":"open","ping_status":"closed","sticky":false,"template":"","format":"standard","meta":{"_bbp_topic_count":0,"_bbp_reply_count":0,"_bbp_total_topic_count":0,"_bbp_total_reply_count":0,"_bbp_voice_count":0,"_bbp_anonymous_reply_count":0,"_bbp_topic_count_hidden":0,"_bbp_reply_count_hidden":0,"_bbp_forum_subforum_count":0,"site-sidebar-layout":"default","site-content-layout":"","ast-site-content-layout":"","site-content-style":"default","site-sidebar-style":"default","ast-global-header-display":"","ast-banner-title-visibility":"","ast-main-header-display":"","ast-hfb-above-header-display":"","ast-hfb-below-header-display":"","ast-hfb-mobile-header-display":"","site-post-title":"","ast-breadcrumbs-content":"","ast-featured-img":"","footer-sml-layout":"","theme-transparent-header-meta":"","adv-header-id-meta":"","stick-header-meta":"","header-above-stick-meta":"","header-main-stick-meta":"","header-below-stick-meta":"","astra-migrate-meta-layouts":"default","ast-page-background-enabled":"default","ast-page-background-meta":{"desktop":{"background-color":"var(--ast-global-color-4)","background-image":"","background-repeat":"repeat","background-position":"center center","background-size":"auto","background-attachment":"scroll","background-type":"","background-media":"","overlay-type":"","overlay-color":"","overlay-opacity":"","overlay-gradient":""},"tablet":{"background-color":"","background-image":"","background-repeat":"repeat","background-position":"center center","background-size":"auto","background-attachment":"scroll","background-type":"","background-media":"","overlay-type":"","overlay-color":"","overlay-opacity":"","overlay-gradient":""},"mobile":{"background-color":"","background-image":"","background-repeat":"repeat","background-position":"center center","background-size":"auto","background-attachment":"scroll","background-type":"","background-media":"","overlay-type":"","overlay-color":"","overlay-opacity":"","overlay-gradient":""}},"ast-content-background-meta":{"desktop":{"background-color":"var(--ast-global-color-5)","background-image":"","background-repeat":"repeat","background-position":"center center","background-size":"auto","background-attachment":"scroll","background-type":"","background-media":"","overlay-type":"","overlay-color":"","overlay-opacity":"","overlay-gradient":""},"tablet":{"background-color":"var(--ast-global-color-5)","background-image":"","background-repeat":"repeat","background-position":"center center","background-size":"auto","background-attachment":"scroll","background-type":"","background-media":"","overlay-type":"","overlay-color":"","overlay-opacity":"","overlay-gradient":""},"mobile":{"background-color":"var(--ast-global-color-5)","background-image":"","background-repeat":"repeat","background-position":"center center","background-size":"auto","background-attachment":"scroll","background-type":"","background-media":"","overlay-type":"","overlay-color":"","overlay-opacity":"","overlay-gradient":""}},"footnotes":""},"categories":[1,4,5],"tags":[],"class_list":["post-530","post","type-post","status-publish","format-standard","hentry","category-general","category-portada","category-primaria"],"post_mailing_queue_ids":[],"_links":{"self":[{"href":"https:\/\/agora.xtec.cat\/ceipgaziel\/wp-json\/wp\/v2\/posts\/530","targetHints":{"allow":["GET"]}}],"collection":[{"href":"https:\/\/agora.xtec.cat\/ceipgaziel\/wp-json\/wp\/v2\/posts"}],"about":[{"href":"https:\/\/agora.xtec.cat\/ceipgaziel\/wp-json\/wp\/v2\/types\/post"}],"author":[{"embeddable":true,"href":"https:\/\/agora.xtec.cat\/ceipgaziel\/wp-json\/wp\/v2\/users\/1"}],"replies":[{"embeddable":true,"href":"https:\/\/agora.xtec.cat\/ceipgaziel\/wp-json\/wp\/v2\/comments?post=530"}],"version-history":[{"count":3,"href":"https:\/\/agora.xtec.cat\/ceipgaziel\/wp-json\/wp\/v2\/posts\/530\/revisions"}],"predecessor-version":[{"id":535,"href":"https:\/\/agora.xtec.cat\/ceipgaziel\/wp-json\/wp\/v2\/posts\/530\/revisions\/535"}],"wp:attachment":[{"href":"https:\/\/agora.xtec.cat\/ceipgaziel\/wp-json\/wp\/v2\/media?parent=530"}],"wp:term":[{"taxonomy":"category","embeddable":true,"href":"https:\/\/agora.xtec.cat\/ceipgaziel\/wp-json\/wp\/v2\/categories?post=530"},{"taxonomy":"post_tag","embeddable":true,"href":"https:\/\/agora.xtec.cat\/ceipgaziel\/wp-json\/wp\/v2\/tags?post=530"}],"curies":[{"name":"wp","href":"https:\/\/api.w.org\/{rel}","templated":true}]}}