{"id":21229,"date":"2026-04-23T16:32:35","date_gmt":"2026-04-23T14:32:35","guid":{"rendered":"https:\/\/agora.xtec.cat\/ceipgaziel\/?p=21229"},"modified":"2026-04-23T21:41:42","modified_gmt":"2026-04-23T19:41:42","slug":"sant-jordi-2026","status":"publish","type":"post","link":"https:\/\/agora.xtec.cat\/ceipgaziel\/general\/sant-jordi-2026\/","title":{"rendered":"Sant Jordi 2026"},"content":{"rendered":"\n<h2 class=\"wp-block-heading has-text-align-center\">\ud83c\udf39 Celebrem la Diada de Sant Jordi a l&#8217;Escola Gaziel!<\/h2>\n\n\n\n<p>Aquest 23 d&#8217;abril hem viscut una jornada plena de cultura, tradici\u00f3 i molta alegria. Tot l&#8217;alumnat de l&#8217;escola ha gaudit d&#8217;un dia especial on els llibres i la bona companyia han estat els protagonistes.<\/p>\n\n\n\n<p>Aqu\u00ed teniu un recull dels moments m\u00e9s destacats:<\/p>\n\n\n\n<h3 class=\"wp-block-heading\">\ud83d\udcd6 Un mat\u00ed entre llibres i parades<\/h3>\n\n\n\n<p>Durant el mat\u00ed, hem sortit a gaudir de l&#8217;ambient de la diada. <strong>Educaci\u00f3 Infantil, Cicle Inicial<\/strong> i <strong>Cicle Superior<\/strong> hem anat a visitar les parades de llibres i roses de la Rambla, omplint-nos de la m\u00e0gia del carrer.<\/p>\n\n\n\n<figure class=\"wp-block-gallery has-nested-images columns-default is-cropped wp-block-gallery-1 is-layout-flex wp-block-gallery-is-layout-flex\">\n<figure class=\"wp-block-image size-large\"><img loading=\"lazy\" decoding=\"async\" width=\"768\" height=\"1024\" data-id=\"21233\" src=\"https:\/\/agora.xtec.cat\/ceipgaziel\/wp-content\/uploads\/usu2100\/2026\/04\/WhatsApp-Image-2026-04-23-at-12.48.34-768x1024.jpeg\" alt=\"\" class=\"wp-image-21233\" srcset=\"https:\/\/agora.xtec.cat\/ceipgaziel\/wp-content\/uploads\/usu2100\/2026\/04\/WhatsApp-Image-2026-04-23-at-12.48.34-768x1024.jpeg 768w, https:\/\/agora.xtec.cat\/ceipgaziel\/wp-content\/uploads\/usu2100\/2026\/04\/WhatsApp-Image-2026-04-23-at-12.48.34-225x300.jpeg 225w, https:\/\/agora.xtec.cat\/ceipgaziel\/wp-content\/uploads\/usu2100\/2026\/04\/WhatsApp-Image-2026-04-23-at-12.48.34-1152x1536.jpeg 1152w, https:\/\/agora.xtec.cat\/ceipgaziel\/wp-content\/uploads\/usu2100\/2026\/04\/WhatsApp-Image-2026-04-23-at-12.48.34.jpeg 1200w\" sizes=\"auto, (max-width: 768px) 100vw, 768px\" \/><\/figure>\n\n\n\n<figure class=\"wp-block-image size-large\"><img loading=\"lazy\" decoding=\"async\" width=\"768\" height=\"1024\" data-id=\"21235\" src=\"https:\/\/agora.xtec.cat\/ceipgaziel\/wp-content\/uploads\/usu2100\/2026\/04\/WhatsApp-Image-2026-04-23-at-15.20.59-1-768x1024.jpeg\" alt=\"\" class=\"wp-image-21235\" srcset=\"https:\/\/agora.xtec.cat\/ceipgaziel\/wp-content\/uploads\/usu2100\/2026\/04\/WhatsApp-Image-2026-04-23-at-15.20.59-1-768x1024.jpeg 768w, https:\/\/agora.xtec.cat\/ceipgaziel\/wp-content\/uploads\/usu2100\/2026\/04\/WhatsApp-Image-2026-04-23-at-15.20.59-1-225x300.jpeg 225w, https:\/\/agora.xtec.cat\/ceipgaziel\/wp-content\/uploads\/usu2100\/2026\/04\/WhatsApp-Image-2026-04-23-at-15.20.59-1-1152x1536.jpeg 1152w, https:\/\/agora.xtec.cat\/ceipgaziel\/wp-content\/uploads\/usu2100\/2026\/04\/WhatsApp-Image-2026-04-23-at-15.20.59-1.jpeg 1200w\" sizes=\"auto, (max-width: 768px) 100vw, 768px\" \/><\/figure>\n\n\n\n<figure class=\"wp-block-image size-large\"><img loading=\"lazy\" decoding=\"async\" width=\"768\" height=\"1024\" data-id=\"21241\" src=\"https:\/\/agora.xtec.cat\/ceipgaziel\/wp-content\/uploads\/usu2100\/2026\/04\/WhatsApp-Image-2026-04-23-at-13.41.22-768x1024.jpeg\" alt=\"\" class=\"wp-image-21241\" srcset=\"https:\/\/agora.xtec.cat\/ceipgaziel\/wp-content\/uploads\/usu2100\/2026\/04\/WhatsApp-Image-2026-04-23-at-13.41.22-768x1024.jpeg 768w, https:\/\/agora.xtec.cat\/ceipgaziel\/wp-content\/uploads\/usu2100\/2026\/04\/WhatsApp-Image-2026-04-23-at-13.41.22-225x300.jpeg 225w, https:\/\/agora.xtec.cat\/ceipgaziel\/wp-content\/uploads\/usu2100\/2026\/04\/WhatsApp-Image-2026-04-23-at-13.41.22-1152x1536.jpeg 1152w, https:\/\/agora.xtec.cat\/ceipgaziel\/wp-content\/uploads\/usu2100\/2026\/04\/WhatsApp-Image-2026-04-23-at-13.41.22.jpeg 1200w\" sizes=\"auto, (max-width: 768px) 100vw, 768px\" \/><\/figure>\n<\/figure>\n\n\n\n<p>Per la seva banda, l\u2019alumnat de <strong>Cicle Mitj\u00e0<\/strong> s&#8217;ha despla\u00e7at fins al Baldiri per fer un fant\u00e0stic intercanvi de llibres, fomentant la lectura i compartint noves hist\u00f2ries entre companys.<\/p>\n\n\n\n<blockquote class=\"wp-block-quote is-layout-flow wp-block-quote-is-layout-flow\">\n<figure class=\"wp-block-image size-large\"><a href=\"https:\/\/agora.xtec.cat\/ceipgaziel\/wp-content\/uploads\/usu2100\/2026\/04\/WhatsApp-Image-2026-04-23-at-13.12.25-2.jpeg\"><img loading=\"lazy\" decoding=\"async\" width=\"1024\" height=\"768\" src=\"https:\/\/agora.xtec.cat\/ceipgaziel\/wp-content\/uploads\/usu2100\/2026\/04\/WhatsApp-Image-2026-04-23-at-13.12.25-2-1024x768.jpeg\" alt=\"\" class=\"wp-image-21234\" srcset=\"https:\/\/agora.xtec.cat\/ceipgaziel\/wp-content\/uploads\/usu2100\/2026\/04\/WhatsApp-Image-2026-04-23-at-13.12.25-2-1024x768.jpeg 1024w, https:\/\/agora.xtec.cat\/ceipgaziel\/wp-content\/uploads\/usu2100\/2026\/04\/WhatsApp-Image-2026-04-23-at-13.12.25-2-300x225.jpeg 300w, https:\/\/agora.xtec.cat\/ceipgaziel\/wp-content\/uploads\/usu2100\/2026\/04\/WhatsApp-Image-2026-04-23-at-13.12.25-2-768x576.jpeg 768w, https:\/\/agora.xtec.cat\/ceipgaziel\/wp-content\/uploads\/usu2100\/2026\/04\/WhatsApp-Image-2026-04-23-at-13.12.25-2-1536x1152.jpeg 1536w, https:\/\/agora.xtec.cat\/ceipgaziel\/wp-content\/uploads\/usu2100\/2026\/04\/WhatsApp-Image-2026-04-23-at-13.12.25-2.jpeg 1600w\" sizes=\"auto, (max-width: 1024px) 100vw, 1024px\" \/><\/a><\/figure>\n<\/blockquote>\n\n\n\n<hr class=\"wp-block-separator has-alpha-channel-opacity\"\/>\n\n\n\n<h3 class=\"wp-block-heading\">\ud83d\udc09 Una tarda &#8220;explosiva&#8221; i un berenar dol\u00e7<\/h3>\n\n\n\n<p>A la tarda, la festa ha continuat a la pista de l&#8217;escola amb l&#8217;espectacle <strong>&#8220;Un drac explosiu&#8221;<\/strong>, a c\u00e0rrec de la companyia L&#8217;Esquitx. Hem rigut, hem saltat i ens ho hem passat d&#8217;all\u00f2 m\u00e9s b\u00e9 amb les aventures d&#8217;aquest drac tan especial.<\/p>\n\n\n\n<figure class=\"wp-block-gallery has-nested-images columns-default is-cropped wp-block-gallery-2 is-layout-flex wp-block-gallery-is-layout-flex\">\n<figure class=\"wp-block-image size-large\"><a href=\"https:\/\/agora.xtec.cat\/ceipgaziel\/wp-content\/uploads\/usu2100\/2026\/04\/WhatsApp-Image-2026-04-23-at-16.24.25-2.jpeg\"><img loading=\"lazy\" decoding=\"async\" width=\"1024\" height=\"768\" data-id=\"21238\" src=\"https:\/\/agora.xtec.cat\/ceipgaziel\/wp-content\/uploads\/usu2100\/2026\/04\/WhatsApp-Image-2026-04-23-at-16.24.25-2-1024x768.jpeg\" alt=\"\" class=\"wp-image-21238\" srcset=\"https:\/\/agora.xtec.cat\/ceipgaziel\/wp-content\/uploads\/usu2100\/2026\/04\/WhatsApp-Image-2026-04-23-at-16.24.25-2-1024x768.jpeg 1024w, https:\/\/agora.xtec.cat\/ceipgaziel\/wp-content\/uploads\/usu2100\/2026\/04\/WhatsApp-Image-2026-04-23-at-16.24.25-2-300x225.jpeg 300w, https:\/\/agora.xtec.cat\/ceipgaziel\/wp-content\/uploads\/usu2100\/2026\/04\/WhatsApp-Image-2026-04-23-at-16.24.25-2-768x576.jpeg 768w, https:\/\/agora.xtec.cat\/ceipgaziel\/wp-content\/uploads\/usu2100\/2026\/04\/WhatsApp-Image-2026-04-23-at-16.24.25-2-1536x1152.jpeg 1536w, https:\/\/agora.xtec.cat\/ceipgaziel\/wp-content\/uploads\/usu2100\/2026\/04\/WhatsApp-Image-2026-04-23-at-16.24.25-2.jpeg 1600w\" sizes=\"auto, (max-width: 1024px) 100vw, 1024px\" \/><\/a><\/figure>\n\n\n\n<figure class=\"wp-block-image size-large\"><a href=\"https:\/\/agora.xtec.cat\/ceipgaziel\/wp-content\/uploads\/usu2100\/2026\/04\/WhatsApp-Image-2026-04-23-at-16.24.25-1.jpeg\"><img loading=\"lazy\" decoding=\"async\" width=\"1024\" height=\"768\" data-id=\"21237\" src=\"https:\/\/agora.xtec.cat\/ceipgaziel\/wp-content\/uploads\/usu2100\/2026\/04\/WhatsApp-Image-2026-04-23-at-16.24.25-1-1024x768.jpeg\" alt=\"\" class=\"wp-image-21237\" srcset=\"https:\/\/agora.xtec.cat\/ceipgaziel\/wp-content\/uploads\/usu2100\/2026\/04\/WhatsApp-Image-2026-04-23-at-16.24.25-1-1024x768.jpeg 1024w, https:\/\/agora.xtec.cat\/ceipgaziel\/wp-content\/uploads\/usu2100\/2026\/04\/WhatsApp-Image-2026-04-23-at-16.24.25-1-300x225.jpeg 300w, https:\/\/agora.xtec.cat\/ceipgaziel\/wp-content\/uploads\/usu2100\/2026\/04\/WhatsApp-Image-2026-04-23-at-16.24.25-1-768x576.jpeg 768w, https:\/\/agora.xtec.cat\/ceipgaziel\/wp-content\/uploads\/usu2100\/2026\/04\/WhatsApp-Image-2026-04-23-at-16.24.25-1-1536x1152.jpeg 1536w, https:\/\/agora.xtec.cat\/ceipgaziel\/wp-content\/uploads\/usu2100\/2026\/04\/WhatsApp-Image-2026-04-23-at-16.24.25-1.jpeg 1600w\" sizes=\"auto, (max-width: 1024px) 100vw, 1024px\" \/><\/a><\/figure>\n\n\n\n<figure class=\"wp-block-image size-large\"><a href=\"https:\/\/agora.xtec.cat\/ceipgaziel\/wp-content\/uploads\/usu2100\/2026\/04\/WhatsApp-Image-2026-04-23-at-16.24.25.jpeg\"><img loading=\"lazy\" decoding=\"async\" width=\"1024\" height=\"768\" data-id=\"21236\" src=\"https:\/\/agora.xtec.cat\/ceipgaziel\/wp-content\/uploads\/usu2100\/2026\/04\/WhatsApp-Image-2026-04-23-at-16.24.25-1024x768.jpeg\" alt=\"\" class=\"wp-image-21236\" srcset=\"https:\/\/agora.xtec.cat\/ceipgaziel\/wp-content\/uploads\/usu2100\/2026\/04\/WhatsApp-Image-2026-04-23-at-16.24.25-1024x768.jpeg 1024w, https:\/\/agora.xtec.cat\/ceipgaziel\/wp-content\/uploads\/usu2100\/2026\/04\/WhatsApp-Image-2026-04-23-at-16.24.25-300x225.jpeg 300w, https:\/\/agora.xtec.cat\/ceipgaziel\/wp-content\/uploads\/usu2100\/2026\/04\/WhatsApp-Image-2026-04-23-at-16.24.25-768x576.jpeg 768w, https:\/\/agora.xtec.cat\/ceipgaziel\/wp-content\/uploads\/usu2100\/2026\/04\/WhatsApp-Image-2026-04-23-at-16.24.25-1536x1152.jpeg 1536w, https:\/\/agora.xtec.cat\/ceipgaziel\/wp-content\/uploads\/usu2100\/2026\/04\/WhatsApp-Image-2026-04-23-at-16.24.25.jpeg 1600w\" sizes=\"auto, (max-width: 1024px) 100vw, 1024px\" \/><\/a><\/figure>\n<\/figure>\n\n\n\n<p>Per tancar la celebraci\u00f3 amb el millor gust de boca, hem compartit un berenar de germanor al pati: el tradicional <strong>pa amb xocolata<\/strong> preparat per la nostra <strong>AFA del Gaziel<\/strong>, que ens ha donat l&#8217;energia final per acabar aquesta gran diada.<\/p>\n\n\n\n<p><strong>Moltes gr\u00e0cies a tothom per fer d&#8217;aquest Sant Jordi un dia inoblidable! Bona Diada!<\/strong><\/p>\n\n\n\n<p><\/p>\n","protected":false},"excerpt":{"rendered":"<p>\ud83c\udf39 Celebrem la Diada de Sant Jordi a l&#8217;Escola Gaziel! Aquest 23 d&#8217;abril hem viscut una jornada plena de cultura, [&hellip;]<\/p>\n","protected":false},"author":6,"featured_media":21240,"comment_status":"open","ping_status":"open","sticky":false,"template":"","format":"standard","meta":{"_bbp_topic_count":0,"_bbp_reply_count":0,"_bbp_total_topic_count":0,"_bbp_total_reply_count":0,"_bbp_voice_count":0,"_bbp_anonymous_reply_count":0,"_bbp_topic_count_hidden":0,"_bbp_reply_count_hidden":0,"_bbp_forum_subforum_count":0,"site-sidebar-layout":"default","site-content-layout":"","ast-site-content-layout":"default","site-content-style":"default","site-sidebar-style":"default","ast-global-header-display":"","ast-banner-title-visibility":"","ast-main-header-display":"","ast-hfb-above-header-display":"","ast-hfb-below-header-display":"","ast-hfb-mobile-header-display":"","site-post-title":"","ast-breadcrumbs-content":"","ast-featured-img":"","footer-sml-layout":"","theme-transparent-header-meta":"","adv-header-id-meta":"","stick-header-meta":"","header-above-stick-meta":"","header-main-stick-meta":"","header-below-stick-meta":"","astra-migrate-meta-layouts":"set","ast-page-background-enabled":"default","ast-page-background-meta":{"desktop":{"background-color":"var(--ast-global-color-4)","background-image":"","background-repeat":"repeat","background-position":"center center","background-size":"auto","background-attachment":"scroll","background-type":"","background-media":"","overlay-type":"","overlay-color":"","overlay-opacity":"","overlay-gradient":""},"tablet":{"background-color":"","background-image":"","background-repeat":"repeat","background-position":"center center","background-size":"auto","background-attachment":"scroll","background-type":"","background-media":"","overlay-type":"","overlay-color":"","overlay-opacity":"","overlay-gradient":""},"mobile":{"background-color":"","background-image":"","background-repeat":"repeat","background-position":"center center","background-size":"auto","background-attachment":"scroll","background-type":"","background-media":"","overlay-type":"","overlay-color":"","overlay-opacity":"","overlay-gradient":""}},"ast-content-background-meta":{"desktop":{"background-color":"var(--ast-global-color-5)","background-image":"","background-repeat":"repeat","background-position":"center center","background-size":"auto","background-attachment":"scroll","background-type":"","background-media":"","overlay-type":"","overlay-color":"","overlay-opacity":"","overlay-gradient":""},"tablet":{"background-color":"var(--ast-global-color-5)","background-image":"","background-repeat":"repeat","background-position":"center center","background-size":"auto","background-attachment":"scroll","background-type":"","background-media":"","overlay-type":"","overlay-color":"","overlay-opacity":"","overlay-gradient":""},"mobile":{"background-color":"var(--ast-global-color-5)","background-image":"","background-repeat":"repeat","background-position":"center center","background-size":"auto","background-attachment":"scroll","background-type":"","background-media":"","overlay-type":"","overlay-color":"","overlay-opacity":"","overlay-gradient":""}},"footnotes":""},"categories":[10,11,12,13,14,15,114,108,109,110,1,3,8,9,2,4,5],"tags":[],"class_list":["post-21229","post","type-post","status-publish","format-standard","has-post-thumbnail","hentry","category-1r","category-2n","category-3r","category-4t","category-5e","category-6e","category-ampa","category-cicle-inicial","category-cicle-mitja","category-cicle-superior","category-general","category-i3","category-i4","category-i5","category-infantil","category-portada","category-primaria"],"post_mailing_queue_ids":[],"_links":{"self":[{"href":"https:\/\/agora.xtec.cat\/ceipgaziel\/wp-json\/wp\/v2\/posts\/21229","targetHints":{"allow":["GET"]}}],"collection":[{"href":"https:\/\/agora.xtec.cat\/ceipgaziel\/wp-json\/wp\/v2\/posts"}],"about":[{"href":"https:\/\/agora.xtec.cat\/ceipgaziel\/wp-json\/wp\/v2\/types\/post"}],"author":[{"embeddable":true,"href":"https:\/\/agora.xtec.cat\/ceipgaziel\/wp-json\/wp\/v2\/users\/6"}],"replies":[{"embeddable":true,"href":"https:\/\/agora.xtec.cat\/ceipgaziel\/wp-json\/wp\/v2\/comments?post=21229"}],"version-history":[{"count":2,"href":"https:\/\/agora.xtec.cat\/ceipgaziel\/wp-json\/wp\/v2\/posts\/21229\/revisions"}],"predecessor-version":[{"id":21242,"href":"https:\/\/agora.xtec.cat\/ceipgaziel\/wp-json\/wp\/v2\/posts\/21229\/revisions\/21242"}],"wp:featuredmedia":[{"embeddable":true,"href":"https:\/\/agora.xtec.cat\/ceipgaziel\/wp-json\/wp\/v2\/media\/21240"}],"wp:attachment":[{"href":"https:\/\/agora.xtec.cat\/ceipgaziel\/wp-json\/wp\/v2\/media?parent=21229"}],"wp:term":[{"taxonomy":"category","embeddable":true,"href":"https:\/\/agora.xtec.cat\/ceipgaziel\/wp-json\/wp\/v2\/categories?post=21229"},{"taxonomy":"post_tag","embeddable":true,"href":"https:\/\/agora.xtec.cat\/ceipgaziel\/wp-json\/wp\/v2\/tags?post=21229"}],"curies":[{"name":"wp","href":"https:\/\/api.w.org\/{rel}","templated":true}]}}